{"id":1986,"date":"2021-07-22T10:34:57","date_gmt":"2021-07-22T10:34:57","guid":{"rendered":"https:\/\/muvacandalucia.es\/?p=1986"},"modified":"2021-07-16T11:06:02","modified_gmt":"2021-07-16T11:06:02","slug":"1986","status":"publish","type":"post","link":"https:\/\/muvacandalucia.es\/index.php\/2021\/07\/22\/1986\/","title":{"rendered":"23 El arte a partir del reciclaje de Marcos Valera"},"content":{"rendered":"<p style=\"text-align: justify;\"><span style=\"color: #808080;\">Desde muy temprana edad comenz\u00f3 a expresar inter\u00e9s por el dibujo y la pintura. Una infancia en la que estuvo estrechamente ligado al mundo del flamenco y que le permiti\u00f3 empaparse de otras disciplinas gracias a fot\u00f3grafos, pintores, core\u00f3grafos o m\u00fasicos que formaban parte del c\u00edrculo familiar y social del artista.<br \/>\nBajo la premisa TODO SE TRANSFORMA, Marcos utiliza en su obra infinidad de materiales reutilizados, otorgando a cajas, puertas o cabeceros de camas otra vida en la que destacan el color, la luz, la fantas\u00eda y la particular imaginer\u00eda creada por este artista.<\/span><\/p>\n<figure id=\"attachment_1987\" aria-describedby=\"caption-attachment-1987\" style=\"width: 386px\" class=\"wp-caption alignnone\"><img decoding=\"async\" loading=\"lazy\" class=\"size-full wp-image-1987\" src=\"https:\/\/muvacandalucia.es\/wp-content\/uploads\/2021\/07\/Marcos-Valera.jpg\" alt=\"Marcos Valera\" width=\"386\" height=\"387\" srcset=\"https:\/\/muvacandalucia.es\/wp-content\/uploads\/2021\/07\/Marcos-Valera.jpg 386w, https:\/\/muvacandalucia.es\/wp-content\/uploads\/2021\/07\/Marcos-Valera-300x300.jpg 300w, https:\/\/muvacandalucia.es\/wp-content\/uploads\/2021\/07\/Marcos-Valera-150x150.jpg 150w\" sizes=\"(max-width: 386px) 100vw, 386px\" \/><figcaption id=\"caption-attachment-1987\" class=\"wp-caption-text\">Marcos Valera<\/figcaption><\/figure>\n<figure id=\"attachment_1988\" aria-describedby=\"caption-attachment-1988\" style=\"width: 656px\" class=\"wp-caption alignnone\"><img decoding=\"async\" loading=\"lazy\" class=\"size-full wp-image-1988\" src=\"https:\/\/muvacandalucia.es\/wp-content\/uploads\/2021\/07\/Tu-mira-salvaje.jpg\" alt=\"\u201cTu mir\u00e1 salvaje\u201d T\u00e9cnca Mixta. 40 x 40 cm\" width=\"656\" height=\"645\" srcset=\"https:\/\/muvacandalucia.es\/wp-content\/uploads\/2021\/07\/Tu-mira-salvaje.jpg 656w, https:\/\/muvacandalucia.es\/wp-content\/uploads\/2021\/07\/Tu-mira-salvaje-300x295.jpg 300w\" sizes=\"(max-width: 656px) 100vw, 656px\" \/><figcaption id=\"caption-attachment-1988\" class=\"wp-caption-text\">\u201cTu mir\u00e1 salvaje\u201d<br \/>40 x 40 cm<\/figcaption><\/figure>\n","protected":false},"excerpt":{"rendered":"<p>Desde muy temprana edad comenz\u00f3 a expresar inter\u00e9s por el dibujo y la pintura. Una infancia en la que estuvo estrechamente ligado al mundo del flamenco y que le permiti\u00f3&hellip;<\/p>\n","protected":false},"author":1,"featured_media":1988,"comment_status":"open","ping_status":"open","sticky":false,"template":"","format":"standard","meta":[],"categories":[308],"tags":[341,310,301],"jetpack_featured_media_url":"https:\/\/muvacandalucia.es\/wp-content\/uploads\/2021\/07\/Tu-mira-salvaje.jpg","_links":{"self":[{"href":"https:\/\/muvacandalucia.es\/index.php\/wp-json\/wp\/v2\/posts\/1986"}],"collection":[{"href":"https:\/\/muvacandalucia.es\/index.php\/wp-json\/wp\/v2\/posts"}],"about":[{"href":"https:\/\/muvacandalucia.es\/index.php\/wp-json\/wp\/v2\/types\/post"}],"author":[{"embeddable":true,"href":"https:\/\/muvacandalucia.es\/index.php\/wp-json\/wp\/v2\/users\/1"}],"replies":[{"embeddable":true,"href":"https:\/\/muvacandalucia.es\/index.php\/wp-json\/wp\/v2\/comments?post=1986"}],"version-history":[{"count":3,"href":"https:\/\/muvacandalucia.es\/index.php\/wp-json\/wp\/v2\/posts\/1986\/revisions"}],"predecessor-version":[{"id":2003,"href":"https:\/\/muvacandalucia.es\/index.php\/wp-json\/wp\/v2\/posts\/1986\/revisions\/2003"}],"wp:featuredmedia":[{"embeddable":true,"href":"https:\/\/muvacandalucia.es\/index.php\/wp-json\/wp\/v2\/media\/1988"}],"wp:attachment":[{"href":"https:\/\/muvacandalucia.es\/index.php\/wp-json\/wp\/v2\/media?parent=1986"}],"wp:term":[{"taxonomy":"category","embeddable":true,"href":"https:\/\/muvacandalucia.es\/index.php\/wp-json\/wp\/v2\/categories?post=1986"},{"taxonomy":"post_tag","embeddable":true,"href":"https:\/\/muvacandalucia.es\/index.php\/wp-json\/wp\/v2\/tags?post=1986"}],"curies":[{"name":"wp","href":"https:\/\/api.w.org\/{rel}","templated":true}]}}