{"id":1967,"date":"2021-07-16T09:57:14","date_gmt":"2021-07-16T09:57:14","guid":{"rendered":"https:\/\/muvacandalucia.es\/?p=1967"},"modified":"2021-07-16T09:57:14","modified_gmt":"2021-07-16T09:57:14","slug":"20-exportando-arte-urbano-por-todo-el-mundo","status":"publish","type":"post","link":"https:\/\/muvacandalucia.es\/index.php\/2021\/07\/16\/20-exportando-arte-urbano-por-todo-el-mundo\/","title":{"rendered":"20 Exportando arte urbano por todo el mundo"},"content":{"rendered":"<p style=\"text-align: justify;\"><span style=\"color: #808080;\">Artista urbano y educador social nacido en L\u00e9rida centrado en la t\u00e9cnica del <em>stencil<\/em> y el muralismo comunitario y participativo. Fundador de la Associaci\u00f3 de Creativitats Urbanes Transformadores (ACUT) con la que emprende gran parte de los proyectos participativos sobretodo en la provincia de L\u00e9rida en los \u00faltimos a\u00f1os.<br \/>\nHa realizado murales en Bolivia, Chile, Per\u00fa y Grecia,aunque gran parte de sus trabajos, proyectos y exposiciones<br \/>\nhan sido en Catalu\u00f1a.<\/span><\/p>\n<figure id=\"attachment_1968\" aria-describedby=\"caption-attachment-1968\" style=\"width: 386px\" class=\"wp-caption alignnone\"><img decoding=\"async\" loading=\"lazy\" class=\"size-full wp-image-1968\" src=\"https:\/\/muvacandalucia.es\/wp-content\/uploads\/2021\/07\/Llukutter.jpg\" alt=\"Llukutter\" width=\"386\" height=\"387\" srcset=\"https:\/\/muvacandalucia.es\/wp-content\/uploads\/2021\/07\/Llukutter.jpg 386w, https:\/\/muvacandalucia.es\/wp-content\/uploads\/2021\/07\/Llukutter-300x300.jpg 300w, https:\/\/muvacandalucia.es\/wp-content\/uploads\/2021\/07\/Llukutter-150x150.jpg 150w\" sizes=\"(max-width: 386px) 100vw, 386px\" \/><figcaption id=\"caption-attachment-1968\" class=\"wp-caption-text\">Llukutter<\/figcaption><\/figure>\n<figure id=\"attachment_1969\" aria-describedby=\"caption-attachment-1969\" style=\"width: 778px\" class=\"wp-caption alignnone\"><img decoding=\"async\" loading=\"lazy\" class=\"size-full wp-image-1969\" src=\"https:\/\/muvacandalucia.es\/wp-content\/uploads\/2021\/07\/Repercissions-Laurin-Hill.jpg\" alt=\"Repercissions - Laurin Hill. Stencil y spray sobre madera 40 x 40 cm\" width=\"778\" height=\"758\" srcset=\"https:\/\/muvacandalucia.es\/wp-content\/uploads\/2021\/07\/Repercissions-Laurin-Hill.jpg 778w, https:\/\/muvacandalucia.es\/wp-content\/uploads\/2021\/07\/Repercissions-Laurin-Hill-300x292.jpg 300w, https:\/\/muvacandalucia.es\/wp-content\/uploads\/2021\/07\/Repercissions-Laurin-Hill-768x748.jpg 768w\" sizes=\"(max-width: 778px) 100vw, 778px\" \/><figcaption id=\"caption-attachment-1969\" class=\"wp-caption-text\">Repercissions &#8211; Laurin Hill. Stencil y spray sobre madera 40 x 40 cm<\/figcaption><\/figure>\n","protected":false},"excerpt":{"rendered":"<p>Artista urbano y educador social nacido en L\u00e9rida centrado en la t\u00e9cnica del stencil y el muralismo comunitario y participativo. Fundador de la Associaci\u00f3 de Creativitats Urbanes Transformadores (ACUT) con&hellip;<\/p>\n","protected":false},"author":1,"featured_media":1969,"comment_status":"open","ping_status":"open","sticky":false,"template":"","format":"standard","meta":[],"categories":[308],"tags":[338,310,301],"jetpack_featured_media_url":"https:\/\/muvacandalucia.es\/wp-content\/uploads\/2021\/07\/Repercissions-Laurin-Hill.jpg","_links":{"self":[{"href":"https:\/\/muvacandalucia.es\/index.php\/wp-json\/wp\/v2\/posts\/1967"}],"collection":[{"href":"https:\/\/muvacandalucia.es\/index.php\/wp-json\/wp\/v2\/posts"}],"about":[{"href":"https:\/\/muvacandalucia.es\/index.php\/wp-json\/wp\/v2\/types\/post"}],"author":[{"embeddable":true,"href":"https:\/\/muvacandalucia.es\/index.php\/wp-json\/wp\/v2\/users\/1"}],"replies":[{"embeddable":true,"href":"https:\/\/muvacandalucia.es\/index.php\/wp-json\/wp\/v2\/comments?post=1967"}],"version-history":[{"count":1,"href":"https:\/\/muvacandalucia.es\/index.php\/wp-json\/wp\/v2\/posts\/1967\/revisions"}],"predecessor-version":[{"id":1971,"href":"https:\/\/muvacandalucia.es\/index.php\/wp-json\/wp\/v2\/posts\/1967\/revisions\/1971"}],"wp:featuredmedia":[{"embeddable":true,"href":"https:\/\/muvacandalucia.es\/index.php\/wp-json\/wp\/v2\/media\/1969"}],"wp:attachment":[{"href":"https:\/\/muvacandalucia.es\/index.php\/wp-json\/wp\/v2\/media?parent=1967"}],"wp:term":[{"taxonomy":"category","embeddable":true,"href":"https:\/\/muvacandalucia.es\/index.php\/wp-json\/wp\/v2\/categories?post=1967"},{"taxonomy":"post_tag","embeddable":true,"href":"https:\/\/muvacandalucia.es\/index.php\/wp-json\/wp\/v2\/tags?post=1967"}],"curies":[{"name":"wp","href":"https:\/\/api.w.org\/{rel}","templated":true}]}}