{"id":1962,"date":"2021-07-14T10:39:15","date_gmt":"2021-07-14T10:39:15","guid":{"rendered":"https:\/\/muvacandalucia.es\/?p=1962"},"modified":"2021-07-16T09:44:33","modified_gmt":"2021-07-16T09:44:33","slug":"19-la-figuracion-cargada-de-onirismo-de-lidia-cao","status":"publish","type":"post","link":"https:\/\/muvacandalucia.es\/index.php\/2021\/07\/14\/19-la-figuracion-cargada-de-onirismo-de-lidia-cao\/","title":{"rendered":"19 La figuraci\u00f3n cargada de onirismo de Lidia Cao"},"content":{"rendered":"<p style=\"text-align: justify;\"><span style=\"color: #808080;\">Desde muy peque\u00f1a se interesa por el dibujo, especializ\u00e1ndose en el tratamiento de figuras y rostros, analizando minuciosamente las expresiones para conseguir decir mucho con lo m\u00ednimo.<br \/>\nEn su obra los personajes poseen un peso primordial en la composici\u00f3n y las on\u00edricas atm\u00f3sferas que genera potencian la expresividad de sus rostros, que funcionan como \u00edntimos retratos psicol\u00f3gicos y adquieren una velada pero intensa dramaturgia.<br \/>\nDestaca su dominio del volumen a trav\u00e9s de una l\u00ednea firme y certera, su gusto por la s\u00edntesis en sus paletas de colores y su atracci\u00f3n por las gamas desaturadas y poco estridentes, ponderando la importancia del dibujo por encima del color.<\/span><\/p>\n<figure id=\"attachment_1963\" aria-describedby=\"caption-attachment-1963\" style=\"width: 293px\" class=\"wp-caption alignnone\"><img decoding=\"async\" loading=\"lazy\" class=\"size-full wp-image-1963\" src=\"https:\/\/muvacandalucia.es\/wp-content\/uploads\/2021\/07\/Efimera.jpg\" alt=\"Ef\u00edmero. Tinta negra, grafito blanco y bol\u00edgrafo pentel blanco 22,8 x 26,1 cm\" width=\"293\" height=\"368\" srcset=\"https:\/\/muvacandalucia.es\/wp-content\/uploads\/2021\/07\/Efimera.jpg 293w, https:\/\/muvacandalucia.es\/wp-content\/uploads\/2021\/07\/Efimera-239x300.jpg 239w\" sizes=\"(max-width: 293px) 100vw, 293px\" \/><figcaption id=\"caption-attachment-1963\" class=\"wp-caption-text\">Tinta negra, grafito blanco y bol\u00edgrafo pentel blanco<br \/>22,8 x 26,1 cm<\/figcaption><\/figure>\n<figure id=\"attachment_1964\" aria-describedby=\"caption-attachment-1964\" style=\"width: 772px\" class=\"wp-caption alignnone\"><img decoding=\"async\" loading=\"lazy\" class=\"size-full wp-image-1964\" src=\"https:\/\/muvacandalucia.es\/wp-content\/uploads\/2021\/07\/Lidia-Cao.jpg\" alt=\"Lidia Cao\" width=\"772\" height=\"772\" srcset=\"https:\/\/muvacandalucia.es\/wp-content\/uploads\/2021\/07\/Lidia-Cao.jpg 772w, https:\/\/muvacandalucia.es\/wp-content\/uploads\/2021\/07\/Lidia-Cao-300x300.jpg 300w, https:\/\/muvacandalucia.es\/wp-content\/uploads\/2021\/07\/Lidia-Cao-150x150.jpg 150w, https:\/\/muvacandalucia.es\/wp-content\/uploads\/2021\/07\/Lidia-Cao-768x768.jpg 768w\" sizes=\"(max-width: 772px) 100vw, 772px\" \/><figcaption id=\"caption-attachment-1964\" class=\"wp-caption-text\">Lidia Cao<\/figcaption><\/figure>\n","protected":false},"excerpt":{"rendered":"<p>Desde muy peque\u00f1a se interesa por el dibujo, especializ\u00e1ndose en el tratamiento de figuras y rostros, analizando minuciosamente las expresiones para conseguir decir mucho con lo m\u00ednimo. En su obra&hellip;<\/p>\n","protected":false},"author":1,"featured_media":1963,"comment_status":"open","ping_status":"open","sticky":false,"template":"","format":"standard","meta":[],"categories":[308],"tags":[337,310,301],"jetpack_featured_media_url":"https:\/\/muvacandalucia.es\/wp-content\/uploads\/2021\/07\/Efimera.jpg","_links":{"self":[{"href":"https:\/\/muvacandalucia.es\/index.php\/wp-json\/wp\/v2\/posts\/1962"}],"collection":[{"href":"https:\/\/muvacandalucia.es\/index.php\/wp-json\/wp\/v2\/posts"}],"about":[{"href":"https:\/\/muvacandalucia.es\/index.php\/wp-json\/wp\/v2\/types\/post"}],"author":[{"embeddable":true,"href":"https:\/\/muvacandalucia.es\/index.php\/wp-json\/wp\/v2\/users\/1"}],"replies":[{"embeddable":true,"href":"https:\/\/muvacandalucia.es\/index.php\/wp-json\/wp\/v2\/comments?post=1962"}],"version-history":[{"count":1,"href":"https:\/\/muvacandalucia.es\/index.php\/wp-json\/wp\/v2\/posts\/1962\/revisions"}],"predecessor-version":[{"id":1965,"href":"https:\/\/muvacandalucia.es\/index.php\/wp-json\/wp\/v2\/posts\/1962\/revisions\/1965"}],"wp:featuredmedia":[{"embeddable":true,"href":"https:\/\/muvacandalucia.es\/index.php\/wp-json\/wp\/v2\/media\/1963"}],"wp:attachment":[{"href":"https:\/\/muvacandalucia.es\/index.php\/wp-json\/wp\/v2\/media?parent=1962"}],"wp:term":[{"taxonomy":"category","embeddable":true,"href":"https:\/\/muvacandalucia.es\/index.php\/wp-json\/wp\/v2\/categories?post=1962"},{"taxonomy":"post_tag","embeddable":true,"href":"https:\/\/muvacandalucia.es\/index.php\/wp-json\/wp\/v2\/tags?post=1962"}],"curies":[{"name":"wp","href":"https:\/\/api.w.org\/{rel}","templated":true}]}}