{"id":1953,"date":"2021-07-12T09:47:33","date_gmt":"2021-07-12T09:47:33","guid":{"rendered":"https:\/\/muvacandalucia.es\/?p=1953"},"modified":"2021-07-13T10:25:44","modified_gmt":"2021-07-13T10:25:44","slug":"17-jose-luis-guerrero-desde-bilbao-a-jaen","status":"publish","type":"post","link":"https:\/\/muvacandalucia.es\/index.php\/2021\/07\/12\/17-jose-luis-guerrero-desde-bilbao-a-jaen\/","title":{"rendered":"17 Jose Luis Guerrero desde Bilbao a Ja\u00e9n"},"content":{"rendered":"<p>Nace en Bilbao (Vizcaya) en 1974. Desde muy joven combina junto a su trabajo su formaci\u00f3n autodidacta en las artes pl\u00e1sticas.<br \/>\nEn 2014 ingresa en la Academia de Arte Carrillo (Ja\u00e9n) para as\u00ed ampliar sus conocimientos y su formaci\u00f3n hasta la actualidad.<br \/>\nNumeroros son los premios que ha obtenido por su trabajo y galer\u00edas en las que ha expuesto.<\/p>\n<figure id=\"attachment_1954\" aria-describedby=\"caption-attachment-1954\" style=\"width: 386px\" class=\"wp-caption alignnone\"><img decoding=\"async\" loading=\"lazy\" src=\"https:\/\/muvacandalucia.es\/wp-content\/uploads\/2021\/07\/Jose-Luis-Guerrero.jpg\" alt=\"Jos\u00e9 Luis Guerrero\" width=\"386\" height=\"386\" class=\"size-full wp-image-1954\" srcset=\"https:\/\/muvacandalucia.es\/wp-content\/uploads\/2021\/07\/Jose-Luis-Guerrero.jpg 386w, https:\/\/muvacandalucia.es\/wp-content\/uploads\/2021\/07\/Jose-Luis-Guerrero-300x300.jpg 300w, https:\/\/muvacandalucia.es\/wp-content\/uploads\/2021\/07\/Jose-Luis-Guerrero-150x150.jpg 150w\" sizes=\"(max-width: 386px) 100vw, 386px\" \/><figcaption id=\"caption-attachment-1954\" class=\"wp-caption-text\">Jos\u00e9 Luis Guerrero<\/figcaption><\/figure>\n<figure id=\"attachment_1955\" aria-describedby=\"caption-attachment-1955\" style=\"width: 729px\" class=\"wp-caption alignnone\"><img decoding=\"async\" loading=\"lazy\" src=\"https:\/\/muvacandalucia.es\/wp-content\/uploads\/2021\/07\/Tauro.jpg\" alt=\"Tauro. 42 x 35 cm grafito sobre acr\u00edlico sobre papel\" width=\"729\" height=\"912\" class=\"size-full wp-image-1955\" srcset=\"https:\/\/muvacandalucia.es\/wp-content\/uploads\/2021\/07\/Tauro.jpg 729w, https:\/\/muvacandalucia.es\/wp-content\/uploads\/2021\/07\/Tauro-240x300.jpg 240w\" sizes=\"(max-width: 729px) 100vw, 729px\" \/><figcaption id=\"caption-attachment-1955\" class=\"wp-caption-text\">Tauro. 42 x 35 cm grafito sobre acr\u00edlico sobre papel<\/figcaption><\/figure>\n","protected":false},"excerpt":{"rendered":"<p>Nace en Bilbao (Vizcaya) en 1974. Desde muy joven combina junto a su trabajo su formaci\u00f3n autodidacta en las artes pl\u00e1sticas. En 2014 ingresa en la Academia de Arte Carrillo&hellip;<\/p>\n","protected":false},"author":1,"featured_media":1955,"comment_status":"open","ping_status":"open","sticky":false,"template":"","format":"standard","meta":[],"categories":[308],"tags":[335,310,301],"jetpack_featured_media_url":"https:\/\/muvacandalucia.es\/wp-content\/uploads\/2021\/07\/Tauro.jpg","_links":{"self":[{"href":"https:\/\/muvacandalucia.es\/index.php\/wp-json\/wp\/v2\/posts\/1953"}],"collection":[{"href":"https:\/\/muvacandalucia.es\/index.php\/wp-json\/wp\/v2\/posts"}],"about":[{"href":"https:\/\/muvacandalucia.es\/index.php\/wp-json\/wp\/v2\/types\/post"}],"author":[{"embeddable":true,"href":"https:\/\/muvacandalucia.es\/index.php\/wp-json\/wp\/v2\/users\/1"}],"replies":[{"embeddable":true,"href":"https:\/\/muvacandalucia.es\/index.php\/wp-json\/wp\/v2\/comments?post=1953"}],"version-history":[{"count":2,"href":"https:\/\/muvacandalucia.es\/index.php\/wp-json\/wp\/v2\/posts\/1953\/revisions"}],"predecessor-version":[{"id":1957,"href":"https:\/\/muvacandalucia.es\/index.php\/wp-json\/wp\/v2\/posts\/1953\/revisions\/1957"}],"wp:featuredmedia":[{"embeddable":true,"href":"https:\/\/muvacandalucia.es\/index.php\/wp-json\/wp\/v2\/media\/1955"}],"wp:attachment":[{"href":"https:\/\/muvacandalucia.es\/index.php\/wp-json\/wp\/v2\/media?parent=1953"}],"wp:term":[{"taxonomy":"category","embeddable":true,"href":"https:\/\/muvacandalucia.es\/index.php\/wp-json\/wp\/v2\/categories?post=1953"},{"taxonomy":"post_tag","embeddable":true,"href":"https:\/\/muvacandalucia.es\/index.php\/wp-json\/wp\/v2\/tags?post=1953"}],"curies":[{"name":"wp","href":"https:\/\/api.w.org\/{rel}","templated":true}]}}