{"id":1949,"date":"2021-07-08T09:39:29","date_gmt":"2021-07-08T09:39:29","guid":{"rendered":"https:\/\/muvacandalucia.es\/?p=1949"},"modified":"2021-07-13T09:46:57","modified_gmt":"2021-07-13T09:46:57","slug":"15-millan-tras-la-reconquista-de-lo-cotidiano","status":"publish","type":"post","link":"https:\/\/muvacandalucia.es\/index.php\/2021\/07\/08\/15-millan-tras-la-reconquista-de-lo-cotidiano\/","title":{"rendered":"15 Mill\u00e1n tras la reconquista de lo cotidiano"},"content":{"rendered":"<p style=\"text-align: justify;\"><span style=\"color: #808080;\">Artista multidisciplinar jiennense que actualmente reside en Madrid. Siempre tuvo inter\u00e9s por lo visual y lo pl\u00e1stico, por la moda, el dise\u00f1o, etc. Hasta que lo dej\u00f3 todo para dedicarse a ello.<br \/>\nClaro, sint\u00e9tico y preciso. La obra de Jimmy Mill\u00e1n asume una de las tareas m\u00e1s dif\u00edciles del arte contempor\u00e1neo:<br \/>\nagrupar la dispersi\u00f3n y multiciplicidad de nuestro tiempo en elementos sint\u00e9ticos como el trazo, la sombra y el volumen que el gesto y los objetos cotidianos perdieron hace tiempo. La obra de Mill\u00e1n reconquista lo perdido.<\/p>\n<figure id=\"attachment_1951\" aria-describedby=\"caption-attachment-1951\" style=\"width: 755px\" class=\"wp-caption alignnone\"><img decoding=\"async\" loading=\"lazy\" class=\"size-full wp-image-1951\" src=\"https:\/\/muvacandalucia.es\/wp-content\/uploads\/2021\/07\/Me-mira.jpg\" alt=\"Me mira.32 x 32 cm T\u00e9cnica mixta sobre cart\u00f3n\" width=\"755\" height=\"761\" srcset=\"https:\/\/muvacandalucia.es\/wp-content\/uploads\/2021\/07\/Me-mira.jpg 755w, https:\/\/muvacandalucia.es\/wp-content\/uploads\/2021\/07\/Me-mira-298x300.jpg 298w, https:\/\/muvacandalucia.es\/wp-content\/uploads\/2021\/07\/Me-mira-150x150.jpg 150w\" sizes=\"(max-width: 755px) 100vw, 755px\" \/><figcaption id=\"caption-attachment-1951\" class=\"wp-caption-text\">Me mira.32 x 32 cm T\u00e9cnica mixta sobre cart\u00f3n<\/figcaption><\/figure>\n<figure id=\"attachment_1950\" aria-describedby=\"caption-attachment-1950\" style=\"width: 386px\" class=\"wp-caption alignnone\"><img decoding=\"async\" loading=\"lazy\" class=\"size-full wp-image-1950\" src=\"https:\/\/muvacandalucia.es\/wp-content\/uploads\/2021\/07\/Jimmy-Millan.jpg\" alt=\"Jimmy Mill\u00e1n\" width=\"386\" height=\"386\" srcset=\"https:\/\/muvacandalucia.es\/wp-content\/uploads\/2021\/07\/Jimmy-Millan.jpg 386w, https:\/\/muvacandalucia.es\/wp-content\/uploads\/2021\/07\/Jimmy-Millan-300x300.jpg 300w, https:\/\/muvacandalucia.es\/wp-content\/uploads\/2021\/07\/Jimmy-Millan-150x150.jpg 150w\" sizes=\"(max-width: 386px) 100vw, 386px\" \/><figcaption id=\"caption-attachment-1950\" class=\"wp-caption-text\">Jimmy Mill\u00e1n<\/figcaption><\/figure>\n<p>&nbsp;<\/p>\n","protected":false},"excerpt":{"rendered":"<p>Artista multidisciplinar jiennense que actualmente reside en Madrid. Siempre tuvo inter\u00e9s por lo visual y lo pl\u00e1stico, por la moda, el dise\u00f1o, etc. Hasta que lo dej\u00f3 todo para dedicarse&hellip;<\/p>\n","protected":false},"author":1,"featured_media":1951,"comment_status":"open","ping_status":"open","sticky":false,"template":"","format":"standard","meta":[],"categories":[308],"tags":[334,310,301],"jetpack_featured_media_url":"https:\/\/muvacandalucia.es\/wp-content\/uploads\/2021\/07\/Me-mira.jpg","_links":{"self":[{"href":"https:\/\/muvacandalucia.es\/index.php\/wp-json\/wp\/v2\/posts\/1949"}],"collection":[{"href":"https:\/\/muvacandalucia.es\/index.php\/wp-json\/wp\/v2\/posts"}],"about":[{"href":"https:\/\/muvacandalucia.es\/index.php\/wp-json\/wp\/v2\/types\/post"}],"author":[{"embeddable":true,"href":"https:\/\/muvacandalucia.es\/index.php\/wp-json\/wp\/v2\/users\/1"}],"replies":[{"embeddable":true,"href":"https:\/\/muvacandalucia.es\/index.php\/wp-json\/wp\/v2\/comments?post=1949"}],"version-history":[{"count":1,"href":"https:\/\/muvacandalucia.es\/index.php\/wp-json\/wp\/v2\/posts\/1949\/revisions"}],"predecessor-version":[{"id":1952,"href":"https:\/\/muvacandalucia.es\/index.php\/wp-json\/wp\/v2\/posts\/1949\/revisions\/1952"}],"wp:featuredmedia":[{"embeddable":true,"href":"https:\/\/muvacandalucia.es\/index.php\/wp-json\/wp\/v2\/media\/1951"}],"wp:attachment":[{"href":"https:\/\/muvacandalucia.es\/index.php\/wp-json\/wp\/v2\/media?parent=1949"}],"wp:term":[{"taxonomy":"category","embeddable":true,"href":"https:\/\/muvacandalucia.es\/index.php\/wp-json\/wp\/v2\/categories?post=1949"},{"taxonomy":"post_tag","embeddable":true,"href":"https:\/\/muvacandalucia.es\/index.php\/wp-json\/wp\/v2\/tags?post=1949"}],"curies":[{"name":"wp","href":"https:\/\/api.w.org\/{rel}","templated":true}]}}