{"id":1944,"date":"2021-07-10T09:20:06","date_gmt":"2021-07-10T09:20:06","guid":{"rendered":"https:\/\/muvacandalucia.es\/?p=1944"},"modified":"2021-07-13T09:37:39","modified_gmt":"2021-07-13T09:37:39","slug":"16-desde-el-subrealismo-de-jose-rios","status":"publish","type":"post","link":"https:\/\/muvacandalucia.es\/index.php\/2021\/07\/10\/16-desde-el-subrealismo-de-jose-rios\/","title":{"rendered":"16 Desde el Subrealismo de Jos\u00e9 R\u00edos"},"content":{"rendered":"<p style=\"text-align: justify;\"><span style=\"color: #808080;\">Jos\u00e9 Fern\u00e1ndez R\u00edos (Orcera, 24 de abril de 1962) tambi\u00e9n conocido como Jos\u00e9 R\u00edos, es un pintor hiperrealista y escultor espa\u00f1ol. Varias de sus obras pueden observarse al aire libre en calles, glorietas y paseos de la ciudad de Ja\u00e9n.<br \/>\nDestaca su producci\u00f3n de pintura hiperrealista con obras que reflejan paisajes urbanos de Ja\u00e9n y Nueva York, pero tambi\u00e9n pinturas que reflejan chatarra. Dos t\u00edtulos conocidos son Demolici\u00f3n de la Universidad Polit\u00e9cnica y La Carrera de Ja\u00e9n.<\/span><\/p>\n<figure id=\"attachment_1945\" aria-describedby=\"caption-attachment-1945\" style=\"width: 386px\" class=\"wp-caption alignnone\"><img decoding=\"async\" loading=\"lazy\" class=\"size-full wp-image-1945\" src=\"https:\/\/muvacandalucia.es\/wp-content\/uploads\/2021\/07\/Jose-Rios.jpg\" alt=\"Jos\u00e9 R\u00edos\" width=\"386\" height=\"386\" srcset=\"https:\/\/muvacandalucia.es\/wp-content\/uploads\/2021\/07\/Jose-Rios.jpg 386w, https:\/\/muvacandalucia.es\/wp-content\/uploads\/2021\/07\/Jose-Rios-300x300.jpg 300w, https:\/\/muvacandalucia.es\/wp-content\/uploads\/2021\/07\/Jose-Rios-150x150.jpg 150w\" sizes=\"(max-width: 386px) 100vw, 386px\" \/><figcaption id=\"caption-attachment-1945\" class=\"wp-caption-text\">Jos\u00e9 R\u00edos<\/figcaption><\/figure>\n<figure id=\"attachment_1946\" aria-describedby=\"caption-attachment-1946\" style=\"width: 755px\" class=\"wp-caption alignnone\"><img decoding=\"async\" loading=\"lazy\" class=\"size-full wp-image-1946\" src=\"https:\/\/muvacandalucia.es\/wp-content\/uploads\/2021\/07\/Pieza-de-la-serie-Espana-cani.jpg\" alt=\"Pieza de la serie Espa\u00f1a ca\u00f1\u00ed. 32 x 32 cm T\u00e9cnica mixta\" width=\"755\" height=\"565\" srcset=\"https:\/\/muvacandalucia.es\/wp-content\/uploads\/2021\/07\/Pieza-de-la-serie-Espana-cani.jpg 755w, https:\/\/muvacandalucia.es\/wp-content\/uploads\/2021\/07\/Pieza-de-la-serie-Espana-cani-300x225.jpg 300w\" sizes=\"(max-width: 755px) 100vw, 755px\" \/><figcaption id=\"caption-attachment-1946\" class=\"wp-caption-text\">Pieza de la serie Espa\u00f1a ca\u00f1\u00ed. 32 x 32 cm<br \/>T\u00e9cnica mixta<\/figcaption><\/figure>\n","protected":false},"excerpt":{"rendered":"<p>Jos\u00e9 Fern\u00e1ndez R\u00edos (Orcera, 24 de abril de 1962) tambi\u00e9n conocido como Jos\u00e9 R\u00edos, es un pintor hiperrealista y escultor espa\u00f1ol. Varias de sus obras pueden observarse al aire libre&hellip;<\/p>\n","protected":false},"author":1,"featured_media":1946,"comment_status":"open","ping_status":"open","sticky":false,"template":"","format":"standard","meta":[],"categories":[308],"tags":[333,310,301],"jetpack_featured_media_url":"https:\/\/muvacandalucia.es\/wp-content\/uploads\/2021\/07\/Pieza-de-la-serie-Espana-cani.jpg","_links":{"self":[{"href":"https:\/\/muvacandalucia.es\/index.php\/wp-json\/wp\/v2\/posts\/1944"}],"collection":[{"href":"https:\/\/muvacandalucia.es\/index.php\/wp-json\/wp\/v2\/posts"}],"about":[{"href":"https:\/\/muvacandalucia.es\/index.php\/wp-json\/wp\/v2\/types\/post"}],"author":[{"embeddable":true,"href":"https:\/\/muvacandalucia.es\/index.php\/wp-json\/wp\/v2\/users\/1"}],"replies":[{"embeddable":true,"href":"https:\/\/muvacandalucia.es\/index.php\/wp-json\/wp\/v2\/comments?post=1944"}],"version-history":[{"count":1,"href":"https:\/\/muvacandalucia.es\/index.php\/wp-json\/wp\/v2\/posts\/1944\/revisions"}],"predecessor-version":[{"id":1947,"href":"https:\/\/muvacandalucia.es\/index.php\/wp-json\/wp\/v2\/posts\/1944\/revisions\/1947"}],"wp:featuredmedia":[{"embeddable":true,"href":"https:\/\/muvacandalucia.es\/index.php\/wp-json\/wp\/v2\/media\/1946"}],"wp:attachment":[{"href":"https:\/\/muvacandalucia.es\/index.php\/wp-json\/wp\/v2\/media?parent=1944"}],"wp:term":[{"taxonomy":"category","embeddable":true,"href":"https:\/\/muvacandalucia.es\/index.php\/wp-json\/wp\/v2\/categories?post=1944"},{"taxonomy":"post_tag","embeddable":true,"href":"https:\/\/muvacandalucia.es\/index.php\/wp-json\/wp\/v2\/tags?post=1944"}],"curies":[{"name":"wp","href":"https:\/\/api.w.org\/{rel}","templated":true}]}}