{"id":1927,"date":"2021-07-04T12:12:35","date_gmt":"2021-07-04T12:12:35","guid":{"rendered":"https:\/\/muvacandalucia.es\/?p=1927"},"modified":"2021-07-13T11:09:18","modified_gmt":"2021-07-13T11:09:18","slug":"14-ira-torres-y-su-por-art-clasico","status":"publish","type":"post","link":"https:\/\/muvacandalucia.es\/index.php\/2021\/07\/04\/14-ira-torres-y-su-por-art-clasico\/","title":{"rendered":"13 Ira Torres y su Pop Art cl\u00e1sico"},"content":{"rendered":"<p style=\"text-align: justify;\"><span style=\"color: #808080;\">Artista pl\u00e1stica y visual que trabaja sobre conceptos relacionados con la generaci\u00f3n Y \/ Z. Su trabajo se centra tanto en los iconos de estas generaciones como en sus comportamientos, sus nuevas maneras de relacionarse o como afecta la globalizaci\u00f3n a estas generaciones.<br \/>\nSu obra de car\u00e1cter totalmente figurativo tambi\u00e9n est\u00e1 muy relacionada con el pop art cl\u00e1sico, tanto en filosof\u00eda por las referencias actualizadas a los mass media, como en la est\u00e9tica por el uso de los productos de consumo como referentes visuales y art\u00edsticos.<\/span><\/p>\n<figure id=\"attachment_1930\" aria-describedby=\"caption-attachment-1930\" style=\"width: 694px\" class=\"wp-caption alignnone\"><img decoding=\"async\" loading=\"lazy\" class=\"size-full wp-image-1930\" src=\"https:\/\/muvacandalucia.es\/wp-content\/uploads\/2021\/07\/Psycho.jpg\" alt=\"\u201cPsycho\u201d Posca, Shin Han and molotow pen on paper 40 x 30 cm\" width=\"694\" height=\"562\" srcset=\"https:\/\/muvacandalucia.es\/wp-content\/uploads\/2021\/07\/Psycho.jpg 694w, https:\/\/muvacandalucia.es\/wp-content\/uploads\/2021\/07\/Psycho-300x243.jpg 300w\" sizes=\"(max-width: 694px) 100vw, 694px\" \/><figcaption id=\"caption-attachment-1930\" class=\"wp-caption-text\">\u201cPsycho\u201d<br \/>Posca, Shin Han and molotow pen on paper<br \/>40 x 30 cm<\/figcaption><\/figure>\n<p style=\"text-align: justify;\"><span style=\"color: #808080;\">\u00a0<\/span><\/p>\n","protected":false},"excerpt":{"rendered":"<p>Artista pl\u00e1stica y visual que trabaja sobre conceptos relacionados con la generaci\u00f3n Y \/ Z. Su trabajo se centra tanto en los iconos de estas generaciones como en sus comportamientos,&hellip;<\/p>\n","protected":false},"author":1,"featured_media":1930,"comment_status":"open","ping_status":"open","sticky":false,"template":"","format":"standard","meta":[],"categories":[308],"tags":[331,310,301],"jetpack_featured_media_url":"https:\/\/muvacandalucia.es\/wp-content\/uploads\/2021\/07\/Psycho.jpg","_links":{"self":[{"href":"https:\/\/muvacandalucia.es\/index.php\/wp-json\/wp\/v2\/posts\/1927"}],"collection":[{"href":"https:\/\/muvacandalucia.es\/index.php\/wp-json\/wp\/v2\/posts"}],"about":[{"href":"https:\/\/muvacandalucia.es\/index.php\/wp-json\/wp\/v2\/types\/post"}],"author":[{"embeddable":true,"href":"https:\/\/muvacandalucia.es\/index.php\/wp-json\/wp\/v2\/users\/1"}],"replies":[{"embeddable":true,"href":"https:\/\/muvacandalucia.es\/index.php\/wp-json\/wp\/v2\/comments?post=1927"}],"version-history":[{"count":4,"href":"https:\/\/muvacandalucia.es\/index.php\/wp-json\/wp\/v2\/posts\/1927\/revisions"}],"predecessor-version":[{"id":1966,"href":"https:\/\/muvacandalucia.es\/index.php\/wp-json\/wp\/v2\/posts\/1927\/revisions\/1966"}],"wp:featuredmedia":[{"embeddable":true,"href":"https:\/\/muvacandalucia.es\/index.php\/wp-json\/wp\/v2\/media\/1930"}],"wp:attachment":[{"href":"https:\/\/muvacandalucia.es\/index.php\/wp-json\/wp\/v2\/media?parent=1927"}],"wp:term":[{"taxonomy":"category","embeddable":true,"href":"https:\/\/muvacandalucia.es\/index.php\/wp-json\/wp\/v2\/categories?post=1927"},{"taxonomy":"post_tag","embeddable":true,"href":"https:\/\/muvacandalucia.es\/index.php\/wp-json\/wp\/v2\/tags?post=1927"}],"curies":[{"name":"wp","href":"https:\/\/api.w.org\/{rel}","templated":true}]}}