{"id":1911,"date":"2021-07-01T20:00:19","date_gmt":"2021-07-01T20:00:19","guid":{"rendered":"https:\/\/muvacandalucia.es\/?p=1911"},"modified":"2021-07-05T20:09:26","modified_gmt":"2021-07-05T20:09:26","slug":"11-flaxtl-imaginadora-creadora-y-artista-a-tiempo-completo","status":"publish","type":"post","link":"https:\/\/muvacandalucia.es\/index.php\/2021\/07\/01\/11-flaxtl-imaginadora-creadora-y-artista-a-tiempo-completo\/","title":{"rendered":"11 Flaxtl imaginadora, creadora y artista a tiempo completo"},"content":{"rendered":"<p style=\"text-align: justify;\"><span style=\"color: #808080;\">Activista cultural, creadora y promotora de la perspectiva de vida con cuatro ojos, m\u00faltiples visiones, varias formas de observar y pensar. Se define a s\u00ed misma en su cuenta de Facebook como &#8220;Imaginadora y creadora de arte y artesan\u00edas a tiempo completo!&#8221;<br \/>\nLa artista afirma que busca la &#8220;total y completa libertad de creaci\u00f3n, no me veo neg\u00e1ndome a experimentar en mi campo creativo, texturas, colores. materiales y fines me enriquecen cada vez. Amor sincero a la vida, y al a premisa de ser mejor ser humano cada d\u00eda.<\/span><\/p>\n<figure id=\"attachment_1912\" aria-describedby=\"caption-attachment-1912\" style=\"width: 386px\" class=\"wp-caption alignnone\"><img decoding=\"async\" loading=\"lazy\" class=\"size-full wp-image-1912\" src=\"https:\/\/muvacandalucia.es\/wp-content\/uploads\/2021\/07\/Flaxtl.jpg\" alt=\"Flaxtl\" width=\"386\" height=\"386\" srcset=\"https:\/\/muvacandalucia.es\/wp-content\/uploads\/2021\/07\/Flaxtl.jpg 386w, https:\/\/muvacandalucia.es\/wp-content\/uploads\/2021\/07\/Flaxtl-300x300.jpg 300w, https:\/\/muvacandalucia.es\/wp-content\/uploads\/2021\/07\/Flaxtl-150x150.jpg 150w\" sizes=\"(max-width: 386px) 100vw, 386px\" \/><figcaption id=\"caption-attachment-1912\" class=\"wp-caption-text\">Flaxtl<\/figcaption><\/figure>\n<figure id=\"attachment_1913\" aria-describedby=\"caption-attachment-1913\" style=\"width: 484px\" class=\"wp-caption alignnone\"><img decoding=\"async\" loading=\"lazy\" class=\"size-full wp-image-1913\" src=\"https:\/\/muvacandalucia.es\/wp-content\/uploads\/2021\/07\/Life-on-Mars.jpg\" alt=\"\u201cLife on mars\u201d 34 x 34 cm Acuarela y rotulador sobre papel\" width=\"484\" height=\"709\" srcset=\"https:\/\/muvacandalucia.es\/wp-content\/uploads\/2021\/07\/Life-on-Mars.jpg 484w, https:\/\/muvacandalucia.es\/wp-content\/uploads\/2021\/07\/Life-on-Mars-205x300.jpg 205w\" sizes=\"(max-width: 484px) 100vw, 484px\" \/><figcaption id=\"caption-attachment-1913\" class=\"wp-caption-text\">\u201cLife on mars\u201d<br \/>34 x 34 cm<br \/>Acuarela y rotulador sobre papel<\/figcaption><\/figure>\n","protected":false},"excerpt":{"rendered":"<p>Activista cultural, creadora y promotora de la perspectiva de vida con cuatro ojos, m\u00faltiples visiones, varias formas de observar y pensar. Se define a s\u00ed misma en su cuenta de&hellip;<\/p>\n","protected":false},"author":1,"featured_media":1913,"comment_status":"open","ping_status":"open","sticky":false,"template":"","format":"standard","meta":[],"categories":[308],"tags":[329,310,301],"jetpack_featured_media_url":"https:\/\/muvacandalucia.es\/wp-content\/uploads\/2021\/07\/Life-on-Mars.jpg","_links":{"self":[{"href":"https:\/\/muvacandalucia.es\/index.php\/wp-json\/wp\/v2\/posts\/1911"}],"collection":[{"href":"https:\/\/muvacandalucia.es\/index.php\/wp-json\/wp\/v2\/posts"}],"about":[{"href":"https:\/\/muvacandalucia.es\/index.php\/wp-json\/wp\/v2\/types\/post"}],"author":[{"embeddable":true,"href":"https:\/\/muvacandalucia.es\/index.php\/wp-json\/wp\/v2\/users\/1"}],"replies":[{"embeddable":true,"href":"https:\/\/muvacandalucia.es\/index.php\/wp-json\/wp\/v2\/comments?post=1911"}],"version-history":[{"count":1,"href":"https:\/\/muvacandalucia.es\/index.php\/wp-json\/wp\/v2\/posts\/1911\/revisions"}],"predecessor-version":[{"id":1914,"href":"https:\/\/muvacandalucia.es\/index.php\/wp-json\/wp\/v2\/posts\/1911\/revisions\/1914"}],"wp:featuredmedia":[{"embeddable":true,"href":"https:\/\/muvacandalucia.es\/index.php\/wp-json\/wp\/v2\/media\/1913"}],"wp:attachment":[{"href":"https:\/\/muvacandalucia.es\/index.php\/wp-json\/wp\/v2\/media?parent=1911"}],"wp:term":[{"taxonomy":"category","embeddable":true,"href":"https:\/\/muvacandalucia.es\/index.php\/wp-json\/wp\/v2\/categories?post=1911"},{"taxonomy":"post_tag","embeddable":true,"href":"https:\/\/muvacandalucia.es\/index.php\/wp-json\/wp\/v2\/tags?post=1911"}],"curies":[{"name":"wp","href":"https:\/\/api.w.org\/{rel}","templated":true}]}}