{"id":1905,"date":"2021-06-30T19:48:23","date_gmt":"2021-06-30T19:48:23","guid":{"rendered":"https:\/\/muvacandalucia.es\/?p=1905"},"modified":"2021-07-05T19:57:51","modified_gmt":"2021-07-05T19:57:51","slug":"10-desde-el-black-power-feminista-den-xl","status":"publish","type":"post","link":"https:\/\/muvacandalucia.es\/index.php\/2021\/06\/30\/10-desde-el-black-power-feminista-den-xl\/","title":{"rendered":"10 Desde el Black Power feminista, Den XL"},"content":{"rendered":"<figure id=\"attachment_1907\" aria-describedby=\"caption-attachment-1907\" style=\"width: 392px\" class=\"wp-caption alignnone\"><img decoding=\"async\" loading=\"lazy\" class=\"size-full wp-image-1907\" src=\"https:\/\/muvacandalucia.es\/wp-content\/uploads\/2021\/07\/Den-XL.jpg\" alt=\"Den XL\" width=\"392\" height=\"412\" srcset=\"https:\/\/muvacandalucia.es\/wp-content\/uploads\/2021\/07\/Den-XL.jpg 392w, https:\/\/muvacandalucia.es\/wp-content\/uploads\/2021\/07\/Den-XL-285x300.jpg 285w\" sizes=\"(max-width: 392px) 100vw, 392px\" \/><figcaption id=\"caption-attachment-1907\" class=\"wp-caption-text\">Den XL<\/figcaption><\/figure>\n<p style=\"text-align: justify;\"><span style=\"color: #808080;\">\u201cEl trabajo de Den es el m\u00e1s cercano al Black Power feminista\u201d, una parte amplia de sus obras son retratos de mujeres de raza negra, foco de una doble discriminaci\u00f3n.<br \/>\nUn trabajo a trav\u00e9s del cual, estas mujeres se reapropian simb\u00f3licamente del espacio que durante tanto tiempo las mayor\u00edas les han arrebatado. Quiz\u00e1 sea la forma m\u00e1s subversiva de dotar de espacio, reconocer y reposicionar no s\u00f3lo a nivel social, sino tambi\u00e9n a nivel cultural, la invisibilizaci\u00f3n que las mujeres pioneras del Hip-Hop sufrieron, sin embargo la realidad no dista mucho de aquellos or\u00edgenes.<\/span><\/p>\n<figure id=\"attachment_1906\" aria-describedby=\"caption-attachment-1906\" style=\"width: 440px\" class=\"wp-caption alignnone\"><img decoding=\"async\" loading=\"lazy\" class=\"wp-image-1906 size-thumb-academia-slideshow\" src=\"https:\/\/muvacandalucia.es\/wp-content\/uploads\/2021\/07\/Angela-Davis-771x400.jpg\" alt=\"\u201cAngela Davis - Gold is for Queens\u201d \u00d3leo sobre tela encolada a tabla 34 x 34 cm\" width=\"440\" height=\"228\" \/><figcaption id=\"caption-attachment-1906\" class=\"wp-caption-text\">\u201cAngela Davis &#8211; Gold is for Queens\u201d<br \/>\u00d3leo sobre tela encolada a tabla<br \/>34 x 34 cm<\/figcaption><\/figure>\n","protected":false},"excerpt":{"rendered":"<p>\u201cEl trabajo de Den es el m\u00e1s cercano al Black Power feminista\u201d, una parte amplia de sus obras son retratos de mujeres de raza negra, foco de una doble discriminaci\u00f3n.&hellip;<\/p>\n","protected":false},"author":1,"featured_media":1906,"comment_status":"open","ping_status":"open","sticky":false,"template":"","format":"standard","meta":[],"categories":[308],"tags":[328,310,301],"jetpack_featured_media_url":"https:\/\/muvacandalucia.es\/wp-content\/uploads\/2021\/07\/Angela-Davis.jpg","_links":{"self":[{"href":"https:\/\/muvacandalucia.es\/index.php\/wp-json\/wp\/v2\/posts\/1905"}],"collection":[{"href":"https:\/\/muvacandalucia.es\/index.php\/wp-json\/wp\/v2\/posts"}],"about":[{"href":"https:\/\/muvacandalucia.es\/index.php\/wp-json\/wp\/v2\/types\/post"}],"author":[{"embeddable":true,"href":"https:\/\/muvacandalucia.es\/index.php\/wp-json\/wp\/v2\/users\/1"}],"replies":[{"embeddable":true,"href":"https:\/\/muvacandalucia.es\/index.php\/wp-json\/wp\/v2\/comments?post=1905"}],"version-history":[{"count":2,"href":"https:\/\/muvacandalucia.es\/index.php\/wp-json\/wp\/v2\/posts\/1905\/revisions"}],"predecessor-version":[{"id":1909,"href":"https:\/\/muvacandalucia.es\/index.php\/wp-json\/wp\/v2\/posts\/1905\/revisions\/1909"}],"wp:featuredmedia":[{"embeddable":true,"href":"https:\/\/muvacandalucia.es\/index.php\/wp-json\/wp\/v2\/media\/1906"}],"wp:attachment":[{"href":"https:\/\/muvacandalucia.es\/index.php\/wp-json\/wp\/v2\/media?parent=1905"}],"wp:term":[{"taxonomy":"category","embeddable":true,"href":"https:\/\/muvacandalucia.es\/index.php\/wp-json\/wp\/v2\/categories?post=1905"},{"taxonomy":"post_tag","embeddable":true,"href":"https:\/\/muvacandalucia.es\/index.php\/wp-json\/wp\/v2\/tags?post=1905"}],"curies":[{"name":"wp","href":"https:\/\/api.w.org\/{rel}","templated":true}]}}