{"id":1898,"date":"2021-06-28T19:01:35","date_gmt":"2021-06-28T19:01:35","guid":{"rendered":"https:\/\/muvacandalucia.es\/?p=1898"},"modified":"2021-07-04T19:11:30","modified_gmt":"2021-07-04T19:11:30","slug":"09-david-salido-del-graffiti-al-muralismo-profesional","status":"publish","type":"post","link":"https:\/\/muvacandalucia.es\/index.php\/2021\/06\/28\/09-david-salido-del-graffiti-al-muralismo-profesional\/","title":{"rendered":"09 David Salido: del graffiti al muralismo profesional"},"content":{"rendered":"<p style=\"text-align: justify;\"><span style=\"color: #808080;\">David Salido es un artista emprendedor apasionado de las artes y la creaci\u00f3n art\u00edstica, nace en \u00dabeda (Ja\u00e9n) el 15 de agosto de 1991; a muy temprana edad descubre el mundo del graffiti para posteriormente convertirlo en su profesi\u00f3n.<br \/>\nActualmente desarrolla un trabajo de estudio centrado principalmente en la pintura al oleo y en paralelo desarrolla una carrera como muralista profesional.<\/span><\/p>\n<figure id=\"attachment_1900\" aria-describedby=\"caption-attachment-1900\" style=\"width: 618px\" class=\"wp-caption alignnone\"><img decoding=\"async\" loading=\"lazy\" class=\"size-full wp-image-1900\" src=\"https:\/\/muvacandalucia.es\/wp-content\/uploads\/2021\/07\/Oculta-entre-las-flores-II.jpg\" alt=\"\u201cOculta entre las flores II\u201d \u00d3leo sobre tela encolada a tabla 35 x 23 cm\" width=\"618\" height=\"830\" srcset=\"https:\/\/muvacandalucia.es\/wp-content\/uploads\/2021\/07\/Oculta-entre-las-flores-II.jpg 618w, https:\/\/muvacandalucia.es\/wp-content\/uploads\/2021\/07\/Oculta-entre-las-flores-II-223x300.jpg 223w\" sizes=\"(max-width: 618px) 100vw, 618px\" \/><figcaption id=\"caption-attachment-1900\" class=\"wp-caption-text\">\u201cOculta entre las flores II\u201d<br \/>\u00d3leo sobre tela encolada a tabla<br \/>35 x 23 cm<\/figcaption><\/figure>\n<figure id=\"attachment_1901\" aria-describedby=\"caption-attachment-1901\" style=\"width: 618px\" class=\"wp-caption alignnone\"><img decoding=\"async\" loading=\"lazy\" class=\"size-full wp-image-1901\" src=\"https:\/\/muvacandalucia.es\/wp-content\/uploads\/2021\/07\/Oculta-entre-las-flores.jpg\" alt=\"\u201cOculta entre las flores\u201d \u00d3leo sobre tela encolada a tabla 30 x 20 cm\" width=\"618\" height=\"861\" srcset=\"https:\/\/muvacandalucia.es\/wp-content\/uploads\/2021\/07\/Oculta-entre-las-flores.jpg 618w, https:\/\/muvacandalucia.es\/wp-content\/uploads\/2021\/07\/Oculta-entre-las-flores-215x300.jpg 215w\" sizes=\"(max-width: 618px) 100vw, 618px\" \/><figcaption id=\"caption-attachment-1901\" class=\"wp-caption-text\">\u201cOculta entre las flores\u201d<br \/>\u00d3leo sobre tela encolada a tabla<br \/>30 x 20 cm<\/figcaption><\/figure>\n","protected":false},"excerpt":{"rendered":"<p>David Salido es un artista emprendedor apasionado de las artes y la creaci\u00f3n art\u00edstica, nace en \u00dabeda (Ja\u00e9n) el 15 de agosto de 1991; a muy temprana edad descubre el&hellip;<\/p>\n","protected":false},"author":1,"featured_media":1899,"comment_status":"open","ping_status":"open","sticky":false,"template":"","format":"standard","meta":[],"categories":[308],"tags":[327,310,301],"jetpack_featured_media_url":"https:\/\/muvacandalucia.es\/wp-content\/uploads\/2021\/07\/David-Salido.jpg","_links":{"self":[{"href":"https:\/\/muvacandalucia.es\/index.php\/wp-json\/wp\/v2\/posts\/1898"}],"collection":[{"href":"https:\/\/muvacandalucia.es\/index.php\/wp-json\/wp\/v2\/posts"}],"about":[{"href":"https:\/\/muvacandalucia.es\/index.php\/wp-json\/wp\/v2\/types\/post"}],"author":[{"embeddable":true,"href":"https:\/\/muvacandalucia.es\/index.php\/wp-json\/wp\/v2\/users\/1"}],"replies":[{"embeddable":true,"href":"https:\/\/muvacandalucia.es\/index.php\/wp-json\/wp\/v2\/comments?post=1898"}],"version-history":[{"count":1,"href":"https:\/\/muvacandalucia.es\/index.php\/wp-json\/wp\/v2\/posts\/1898\/revisions"}],"predecessor-version":[{"id":1902,"href":"https:\/\/muvacandalucia.es\/index.php\/wp-json\/wp\/v2\/posts\/1898\/revisions\/1902"}],"wp:featuredmedia":[{"embeddable":true,"href":"https:\/\/muvacandalucia.es\/index.php\/wp-json\/wp\/v2\/media\/1899"}],"wp:attachment":[{"href":"https:\/\/muvacandalucia.es\/index.php\/wp-json\/wp\/v2\/media?parent=1898"}],"wp:term":[{"taxonomy":"category","embeddable":true,"href":"https:\/\/muvacandalucia.es\/index.php\/wp-json\/wp\/v2\/categories?post=1898"},{"taxonomy":"post_tag","embeddable":true,"href":"https:\/\/muvacandalucia.es\/index.php\/wp-json\/wp\/v2\/tags?post=1898"}],"curies":[{"name":"wp","href":"https:\/\/api.w.org\/{rel}","templated":true}]}}