{"id":1892,"date":"2021-06-26T18:48:57","date_gmt":"2021-06-26T18:48:57","guid":{"rendered":"https:\/\/muvacandalucia.es\/?p=1892"},"modified":"2021-07-04T19:17:34","modified_gmt":"2021-07-04T19:17:34","slug":"dan-ferrer-entre-el-realismo-y-la-improvisacion","status":"publish","type":"post","link":"https:\/\/muvacandalucia.es\/index.php\/2021\/06\/26\/dan-ferrer-entre-el-realismo-y-la-improvisacion\/","title":{"rendered":"08 Dan Ferrer: entre el realismo y la improvisaci\u00f3n"},"content":{"rendered":"<p style=\"text-align: justify;\"><span style=\"color: #808080;\">Cuando Dan Ferrer era ni\u00f1o, el graffiti, el skate y los c\u00f3mics llenaban sus d\u00edas. Debido a estas influencias ahora dirige su propio estudio creativo y desarrolla su trabajo personal, tanto en la calle como en el estudio, en murales y lienzos de gran formato.<br \/>\n\u201cActualmente desarrollo un estilo con el que busco el equilibrio visual entre recursos realistas y estudiados, mezclados con otros improvisados. En cuanto al contenido de las obras, estoy pensando mucho hasta dar con una idea que realmente me motiva. Con cada obra quiero expresar un mensaje potente, pero que cualquier persona pueda sentir como suya, porque son sentimientos comunes en todas las personas&#8221;.<\/span><\/p>\n<figure id=\"attachment_1893\" aria-describedby=\"caption-attachment-1893\" style=\"width: 300px\" class=\"wp-caption alignnone\"><img decoding=\"async\" loading=\"lazy\" class=\"wp-image-1893 size-medium\" src=\"https:\/\/muvacandalucia.es\/wp-content\/uploads\/2021\/07\/08-Dan-Ferrer-300x300.jpg\" alt=\"\" width=\"300\" height=\"300\" srcset=\"https:\/\/muvacandalucia.es\/wp-content\/uploads\/2021\/07\/08-Dan-Ferrer-300x300.jpg 300w, https:\/\/muvacandalucia.es\/wp-content\/uploads\/2021\/07\/08-Dan-Ferrer-150x150.jpg 150w, https:\/\/muvacandalucia.es\/wp-content\/uploads\/2021\/07\/08-Dan-Ferrer-768x768.jpg 768w, https:\/\/muvacandalucia.es\/wp-content\/uploads\/2021\/07\/08-Dan-Ferrer.jpg 772w\" sizes=\"(max-width: 300px) 100vw, 300px\" \/><figcaption id=\"caption-attachment-1893\" class=\"wp-caption-text\">Dan Ferrer<\/figcaption><\/figure>\n<figure id=\"attachment_1894\" aria-describedby=\"caption-attachment-1894\" style=\"width: 741px\" class=\"wp-caption alignnone\"><img decoding=\"async\" loading=\"lazy\" class=\"wp-image-1894 size-full\" src=\"https:\/\/muvacandalucia.es\/wp-content\/uploads\/2021\/07\/Corre-Lola.-Corre..jpg\" alt=\"Corre, Lola. Corre.\" width=\"741\" height=\"773\" srcset=\"https:\/\/muvacandalucia.es\/wp-content\/uploads\/2021\/07\/Corre-Lola.-Corre..jpg 741w, https:\/\/muvacandalucia.es\/wp-content\/uploads\/2021\/07\/Corre-Lola.-Corre.-288x300.jpg 288w\" sizes=\"(max-width: 741px) 100vw, 741px\" \/><figcaption id=\"caption-attachment-1894\" class=\"wp-caption-text\">Corre, Lola. Corre. Cray\u00f3n , acr\u00edlico y spray sobre lienzo<br \/>40 x 40 cm<\/figcaption><\/figure>\n","protected":false},"excerpt":{"rendered":"<p>Cuando Dan Ferrer era ni\u00f1o, el graffiti, el skate y los c\u00f3mics llenaban sus d\u00edas. Debido a estas influencias ahora dirige su propio estudio creativo y desarrolla su trabajo personal,&hellip;<\/p>\n","protected":false},"author":1,"featured_media":1894,"comment_status":"open","ping_status":"open","sticky":false,"template":"","format":"standard","meta":[],"categories":[308],"tags":[326,310,301],"jetpack_featured_media_url":"https:\/\/muvacandalucia.es\/wp-content\/uploads\/2021\/07\/Corre-Lola.-Corre..jpg","_links":{"self":[{"href":"https:\/\/muvacandalucia.es\/index.php\/wp-json\/wp\/v2\/posts\/1892"}],"collection":[{"href":"https:\/\/muvacandalucia.es\/index.php\/wp-json\/wp\/v2\/posts"}],"about":[{"href":"https:\/\/muvacandalucia.es\/index.php\/wp-json\/wp\/v2\/types\/post"}],"author":[{"embeddable":true,"href":"https:\/\/muvacandalucia.es\/index.php\/wp-json\/wp\/v2\/users\/1"}],"replies":[{"embeddable":true,"href":"https:\/\/muvacandalucia.es\/index.php\/wp-json\/wp\/v2\/comments?post=1892"}],"version-history":[{"count":5,"href":"https:\/\/muvacandalucia.es\/index.php\/wp-json\/wp\/v2\/posts\/1892\/revisions"}],"predecessor-version":[{"id":1904,"href":"https:\/\/muvacandalucia.es\/index.php\/wp-json\/wp\/v2\/posts\/1892\/revisions\/1904"}],"wp:featuredmedia":[{"embeddable":true,"href":"https:\/\/muvacandalucia.es\/index.php\/wp-json\/wp\/v2\/media\/1894"}],"wp:attachment":[{"href":"https:\/\/muvacandalucia.es\/index.php\/wp-json\/wp\/v2\/media?parent=1892"}],"wp:term":[{"taxonomy":"category","embeddable":true,"href":"https:\/\/muvacandalucia.es\/index.php\/wp-json\/wp\/v2\/categories?post=1892"},{"taxonomy":"post_tag","embeddable":true,"href":"https:\/\/muvacandalucia.es\/index.php\/wp-json\/wp\/v2\/tags?post=1892"}],"curies":[{"name":"wp","href":"https:\/\/api.w.org\/{rel}","templated":true}]}}