{"id":1887,"date":"2021-06-24T18:23:21","date_gmt":"2021-06-24T18:23:21","guid":{"rendered":"https:\/\/muvacandalucia.es\/?p=1887"},"modified":"2021-07-01T18:30:41","modified_gmt":"2021-07-01T18:30:41","slug":"07-la-creadora-de-iconos-clara-gomez","status":"publish","type":"post","link":"https:\/\/muvacandalucia.es\/index.php\/2021\/06\/24\/07-la-creadora-de-iconos-clara-gomez\/","title":{"rendered":"07 La creadora de iconos Clara G\u00f3mez"},"content":{"rendered":"<p style=\"text-align: justify;\"><span style=\"color: #808080;\">Pintora y creadora a tiempo completo Licenciada en Bellas Artes. Su obra gira en torno a los iconos contempor\u00e1neos del imaginario colectivo de nuestra sociedad, una elaborada representaci\u00f3n de la sociedad de consumo y sus iconos contempor\u00e1neos como son la comida, la publicidad y la mujer, sin olvidar su amor por la historia del arte, el cual refleja en los fondos de sus obras empleando cuadros de para\u00edso deshabitados de pintores flamencos, en especial, <em>El Bosco<\/em>.<br \/>\n<\/span><\/p>\n<figure id=\"attachment_1888\" aria-describedby=\"caption-attachment-1888\" style=\"width: 456px\" class=\"wp-caption alignnone\"><img decoding=\"async\" loading=\"lazy\" class=\"size-full wp-image-1888\" src=\"https:\/\/muvacandalucia.es\/wp-content\/uploads\/2021\/07\/07-Clara-Gomez.jpg\" alt=\"\u201cAmarillo\u201d 44 x 29 cm T\u00e9mpera sobre papel\" width=\"456\" height=\"529\" srcset=\"https:\/\/muvacandalucia.es\/wp-content\/uploads\/2021\/07\/07-Clara-Gomez.jpg 456w, https:\/\/muvacandalucia.es\/wp-content\/uploads\/2021\/07\/07-Clara-Gomez-259x300.jpg 259w\" sizes=\"(max-width: 456px) 100vw, 456px\" \/><figcaption id=\"caption-attachment-1888\" class=\"wp-caption-text\">\u201cAmarillo\u201d<br \/>44 x 29 cm<br \/>T\u00e9mpera sobre papel<\/figcaption><\/figure>\n<p style=\"text-align: justify;\"><span style=\"color: #808080;\"><img decoding=\"async\" loading=\"lazy\" class=\"alignnone size-postthumbnail wp-image-1889\" src=\"https:\/\/muvacandalucia.es\/wp-content\/uploads\/2021\/07\/Clara-Gomez.jpg\" alt=\"\" width=\"386\" height=\"386\" srcset=\"https:\/\/muvacandalucia.es\/wp-content\/uploads\/2021\/07\/Clara-Gomez.jpg 386w, https:\/\/muvacandalucia.es\/wp-content\/uploads\/2021\/07\/Clara-Gomez-300x300.jpg 300w, https:\/\/muvacandalucia.es\/wp-content\/uploads\/2021\/07\/Clara-Gomez-150x150.jpg 150w\" sizes=\"(max-width: 386px) 100vw, 386px\" \/><\/span><\/p>\n","protected":false},"excerpt":{"rendered":"<p>Pintora y creadora a tiempo completo Licenciada en Bellas Artes. Su obra gira en torno a los iconos contempor\u00e1neos del imaginario colectivo de nuestra sociedad, una elaborada representaci\u00f3n de la&hellip;<\/p>\n","protected":false},"author":1,"featured_media":1889,"comment_status":"open","ping_status":"open","sticky":false,"template":"","format":"standard","meta":[],"categories":[308],"tags":[323,310,301],"jetpack_featured_media_url":"https:\/\/muvacandalucia.es\/wp-content\/uploads\/2021\/07\/Clara-Gomez.jpg","_links":{"self":[{"href":"https:\/\/muvacandalucia.es\/index.php\/wp-json\/wp\/v2\/posts\/1887"}],"collection":[{"href":"https:\/\/muvacandalucia.es\/index.php\/wp-json\/wp\/v2\/posts"}],"about":[{"href":"https:\/\/muvacandalucia.es\/index.php\/wp-json\/wp\/v2\/types\/post"}],"author":[{"embeddable":true,"href":"https:\/\/muvacandalucia.es\/index.php\/wp-json\/wp\/v2\/users\/1"}],"replies":[{"embeddable":true,"href":"https:\/\/muvacandalucia.es\/index.php\/wp-json\/wp\/v2\/comments?post=1887"}],"version-history":[{"count":1,"href":"https:\/\/muvacandalucia.es\/index.php\/wp-json\/wp\/v2\/posts\/1887\/revisions"}],"predecessor-version":[{"id":1891,"href":"https:\/\/muvacandalucia.es\/index.php\/wp-json\/wp\/v2\/posts\/1887\/revisions\/1891"}],"wp:featuredmedia":[{"embeddable":true,"href":"https:\/\/muvacandalucia.es\/index.php\/wp-json\/wp\/v2\/media\/1889"}],"wp:attachment":[{"href":"https:\/\/muvacandalucia.es\/index.php\/wp-json\/wp\/v2\/media?parent=1887"}],"wp:term":[{"taxonomy":"category","embeddable":true,"href":"https:\/\/muvacandalucia.es\/index.php\/wp-json\/wp\/v2\/categories?post=1887"},{"taxonomy":"post_tag","embeddable":true,"href":"https:\/\/muvacandalucia.es\/index.php\/wp-json\/wp\/v2\/tags?post=1887"}],"curies":[{"name":"wp","href":"https:\/\/api.w.org\/{rel}","templated":true}]}}