{"id":1879,"date":"2021-06-22T17:32:11","date_gmt":"2021-06-22T17:32:11","guid":{"rendered":"https:\/\/muvacandalucia.es\/?p=1879"},"modified":"2021-07-01T18:27:19","modified_gmt":"2021-07-01T18:27:19","slug":"06-carolina-romero-cano","status":"publish","type":"post","link":"https:\/\/muvacandalucia.es\/index.php\/2021\/06\/22\/06-carolina-romero-cano\/","title":{"rendered":"06 Carolina Romero Cano"},"content":{"rendered":"<p style=\"text-align: justify;\"><span style=\"color: #808080;\">Artista autodidacta y amateur. Fot\u00f3grafa, aunque a veces va m\u00e1s all\u00e1 de lo que es una simple foto, por lo que la podr\u00edamos definir como una artista visual que parte de la fotograf\u00eda para crear im\u00e1genes, con la intenci\u00f3n de hacer sentir a los que observan, la forma en la que percibe y siente el mundo, lo que la mueve y la conmueve, tras el procesamiento mental, inmediatamente posterior a la mirada. Su obra es muy variada en estilo y est\u00e9tica. Le fascina experimentar.<br \/>\n<\/span><\/p>\n<figure id=\"attachment_1880\" aria-describedby=\"caption-attachment-1880\" style=\"width: 386px\" class=\"wp-caption alignnone\"><img decoding=\"async\" loading=\"lazy\" class=\"size-full wp-image-1880\" src=\"https:\/\/muvacandalucia.es\/wp-content\/uploads\/2021\/07\/Carolina-Romero-Cano.jpg\" alt=\"\" width=\"386\" height=\"386\" srcset=\"https:\/\/muvacandalucia.es\/wp-content\/uploads\/2021\/07\/Carolina-Romero-Cano.jpg 386w, https:\/\/muvacandalucia.es\/wp-content\/uploads\/2021\/07\/Carolina-Romero-Cano-300x300.jpg 300w, https:\/\/muvacandalucia.es\/wp-content\/uploads\/2021\/07\/Carolina-Romero-Cano-150x150.jpg 150w\" sizes=\"(max-width: 386px) 100vw, 386px\" \/><figcaption id=\"caption-attachment-1880\" class=\"wp-caption-text\">Carolina Romero Cano<\/figcaption><\/figure>\n<figure id=\"attachment_1881\" aria-describedby=\"caption-attachment-1881\" style=\"width: 440px\" class=\"wp-caption alignnone\"><img decoding=\"async\" loading=\"lazy\" class=\"wp-image-1881 size-large\" src=\"https:\/\/muvacandalucia.es\/wp-content\/uploads\/2021\/07\/Juan-1024x695.jpg\" alt=\"Fotograf\u00eda digital con impresi\u00f3n directa en aluminio de 3mm \/JuaN\\\/2.19\\\/3er d\u00edA\\ 40 x 30 cm\" width=\"440\" height=\"299\" srcset=\"https:\/\/muvacandalucia.es\/wp-content\/uploads\/2021\/07\/Juan-1024x695.jpg 1024w, https:\/\/muvacandalucia.es\/wp-content\/uploads\/2021\/07\/Juan-300x204.jpg 300w, https:\/\/muvacandalucia.es\/wp-content\/uploads\/2021\/07\/Juan-768x521.jpg 768w, https:\/\/muvacandalucia.es\/wp-content\/uploads\/2021\/07\/Juan.jpg 1247w\" sizes=\"(max-width: 440px) 100vw, 440px\" \/><figcaption id=\"caption-attachment-1881\" class=\"wp-caption-text\">Fotograf\u00eda digital con impresi\u00f3n directa en aluminio de 3mm<br \/>\/JuaN\\\/2.19\\\/3er d\u00edA\\<br \/>40 x 30 cm<\/figcaption><\/figure>\n<figure id=\"attachment_1885\" aria-describedby=\"caption-attachment-1885\" style=\"width: 440px\" class=\"wp-caption alignnone\"><img decoding=\"async\" loading=\"lazy\" class=\"wp-image-1885 size-large\" src=\"https:\/\/muvacandalucia.es\/wp-content\/uploads\/2021\/06\/juan-2-1024x666.jpg\" alt=\"Fotograf\u00eda digital con impresi\u00f3n directa en aluminio de 3mm \/JuaN\\\/2.19\\\/3er d\u00edA\\ 40 x 30 cm\" width=\"440\" height=\"286\" srcset=\"https:\/\/muvacandalucia.es\/wp-content\/uploads\/2021\/06\/juan-2-1024x666.jpg 1024w, https:\/\/muvacandalucia.es\/wp-content\/uploads\/2021\/06\/juan-2-300x195.jpg 300w, https:\/\/muvacandalucia.es\/wp-content\/uploads\/2021\/06\/juan-2-768x499.jpg 768w, https:\/\/muvacandalucia.es\/wp-content\/uploads\/2021\/06\/juan-2.jpg 1247w\" sizes=\"(max-width: 440px) 100vw, 440px\" \/><figcaption id=\"caption-attachment-1885\" class=\"wp-caption-text\">Fotograf\u00eda digital con impresi\u00f3n directa en aluminio de 3mm<br \/>\/JuaN\\\/2.19\\\/3er d\u00edA\\<br \/>40 x 30 cm<\/figcaption><\/figure>\n<p style=\"text-align: justify;\"><span style=\"color: #808080;\">\u00a0<\/span><\/p>\n","protected":false},"excerpt":{"rendered":"<p>Artista autodidacta y amateur. Fot\u00f3grafa, aunque a veces va m\u00e1s all\u00e1 de lo que es una simple foto, por lo que la podr\u00edamos definir como una artista visual que parte&hellip;<\/p>\n","protected":false},"author":1,"featured_media":1881,"comment_status":"open","ping_status":"open","sticky":false,"template":"","format":"standard","meta":[],"categories":[308],"tags":[322,310,301],"jetpack_featured_media_url":"https:\/\/muvacandalucia.es\/wp-content\/uploads\/2021\/07\/Juan.jpg","_links":{"self":[{"href":"https:\/\/muvacandalucia.es\/index.php\/wp-json\/wp\/v2\/posts\/1879"}],"collection":[{"href":"https:\/\/muvacandalucia.es\/index.php\/wp-json\/wp\/v2\/posts"}],"about":[{"href":"https:\/\/muvacandalucia.es\/index.php\/wp-json\/wp\/v2\/types\/post"}],"author":[{"embeddable":true,"href":"https:\/\/muvacandalucia.es\/index.php\/wp-json\/wp\/v2\/users\/1"}],"replies":[{"embeddable":true,"href":"https:\/\/muvacandalucia.es\/index.php\/wp-json\/wp\/v2\/comments?post=1879"}],"version-history":[{"count":5,"href":"https:\/\/muvacandalucia.es\/index.php\/wp-json\/wp\/v2\/posts\/1879\/revisions"}],"predecessor-version":[{"id":1890,"href":"https:\/\/muvacandalucia.es\/index.php\/wp-json\/wp\/v2\/posts\/1879\/revisions\/1890"}],"wp:featuredmedia":[{"embeddable":true,"href":"https:\/\/muvacandalucia.es\/index.php\/wp-json\/wp\/v2\/media\/1881"}],"wp:attachment":[{"href":"https:\/\/muvacandalucia.es\/index.php\/wp-json\/wp\/v2\/media?parent=1879"}],"wp:term":[{"taxonomy":"category","embeddable":true,"href":"https:\/\/muvacandalucia.es\/index.php\/wp-json\/wp\/v2\/categories?post=1879"},{"taxonomy":"post_tag","embeddable":true,"href":"https:\/\/muvacandalucia.es\/index.php\/wp-json\/wp\/v2\/tags?post=1879"}],"curies":[{"name":"wp","href":"https:\/\/api.w.org\/{rel}","templated":true}]}}