{"id":1850,"date":"2021-07-01T07:52:44","date_gmt":"2021-07-01T07:52:44","guid":{"rendered":"https:\/\/muvacandalucia.es\/?p=1850"},"modified":"2021-07-01T17:16:51","modified_gmt":"2021-07-01T17:16:51","slug":"1850","status":"publish","type":"post","link":"https:\/\/muvacandalucia.es\/index.php\/2021\/07\/01\/1850\/","title":{"rendered":"\u00bfY si fuera una mujer negra? Juliana Ord\u00e9as."},"content":{"rendered":"<p>&nbsp;<\/p>\n<p><span style=\"color: #808080\">Esther Mart\u00ednez.<\/span><\/p>\n<p style=\"text-align: justify\"><span style=\"color: #808080\">Crece a nuestro alrededor, cada vez con m\u00e1s ah\u00ednco, un inter\u00e9s por extraer del olvido a las muchas mujeres que ejercieron su actividad en una diversidad de campos a lo largo del tiempo y que fueron borradas de nuestros recuerdos (o mejor dicho, que ni siquiera se incluyeron en ellos). Este inter\u00e9s, unido a las diferentes declaraciones p\u00fablicas por parte de las instituciones sum\u00e1ndose a todo tipo de iniciativas en esta direcci\u00f3n, nos hace pensar que mucha parte del camino que debemos recorrer para dignificar y valorar a la mujer en la historia ya est\u00e1 andado, craso error.<span class=\"Apple-converted-space\">\u00a0<\/span><\/span><\/p>\n<p style=\"text-align: justify\"><span style=\"color: #808080\">Si hablamos del \u00e1mbito que nos compete, el del arte, esta negaci\u00f3n de g\u00e9nero se lleva produciendo desde que existe la Historia del Arte como tal y la realidad es que a\u00fan queda mucho por hacer por parte de todos los grupos: artistas, cr\u00edticos, historiadores del arte, investigadores, docentes y sociedad en general, para llegar a colocar en su lugar a estas mujeres que existieron y que vivieron el arte en sus diferentes procesos.<span class=\"Apple-converted-space\">\u00a0<\/span><\/span><\/p>\n<p style=\"text-align: justify\"><span style=\"color: #808080\">Pero, a esta reflexi\u00f3n inicial debemos sumar otra que, si cabe, es tanto o m\u00e1s importante: la del doble olvido que resulta de la suma de dos cuestiones; el g\u00e9nero y el color de la piel. Tal vez, cuando pensamos en mujeres artistas que visibilizar en realidad estamos pensamos en mujeres blancas, artistas y occidentales y es hasta este punto donde nos lleva Juliana<span class=\"Apple-converted-space\">\u00a0 <\/span>Ord\u00e9as, una joven artista que nos invita con su trabajo a reflexionar acerca de si la mujer afrodescendiente en la historia se ha olvidado incluso en los estudios sobre arte y g\u00e9nero m\u00e1s recientes.<span class=\"Apple-converted-space\">\u00a0<\/span><\/span><\/p>\n<p style=\"text-align: justify\"><span style=\"color: #808080\">Juliana Ord\u00e9as plantea esta interesant\u00edsima reflexi\u00f3n en una exposici\u00f3n fotogr\u00e1fica basada en la re-interpretaci\u00f3n de obras cl\u00e1sicas confeccionadas desde un lenguaje actual en el que se destaca el mensaje que quiere lanzar a trav\u00e9s del uso de modelos negras en obras ampliamente reconocibles por el p\u00fablico en general. Para ello, recopila una selecci\u00f3n de fotograf\u00edas dentro de la exposici\u00f3n <em>\u00bfY si fuera una mujer negra?<\/em>, integrada dentro del proyecto ganador de la convocatoria UJA Talento 2020\/21 de la Universidad de Ja\u00e9n y que se puede visitar en el Edificio Zabaleta (Campus de las Lagunillas), desde el 2 de julio, de lunes a viernes en horario de 09:00 a 21:00h y hasta el pr\u00f3ximo 17 de septiembre.<\/span><\/p>\n<p>&nbsp;<\/p>\n<div id='gallery-1' class='gallery galleryid-1850 gallery-columns-2 gallery-size-thumbnail'><figure class='gallery-item'>\n\t\t\t<div class='gallery-icon landscape'>\n\t\t\t\t<a href='https:\/\/muvacandalucia.es\/d2402535-4229-4e07-9ef4-bfe431b647b3\/'><img width=\"150\" height=\"150\" src=\"https:\/\/muvacandalucia.es\/wp-content\/uploads\/2021\/07\/D2402535-4229-4E07-9EF4-BFE431B647B3-150x150.jpeg\" class=\"attachment-thumbnail size-thumbnail\" alt=\"\" decoding=\"async\" loading=\"lazy\" \/><\/a>\n\t\t\t<\/div><\/figure><figure class='gallery-item'>\n\t\t\t<div class='gallery-icon landscape'>\n\t\t\t\t<a href='https:\/\/muvacandalucia.es\/c753b6fa-b127-46fd-a371-6693c708d395\/'><img width=\"150\" height=\"150\" src=\"https:\/\/muvacandalucia.es\/wp-content\/uploads\/2021\/07\/C753B6FA-B127-46FD-A371-6693C708D395-150x150.jpeg\" class=\"attachment-thumbnail size-thumbnail\" alt=\"\" decoding=\"async\" loading=\"lazy\" \/><\/a>\n\t\t\t<\/div><\/figure><figure class='gallery-item'>\n\t\t\t<div class='gallery-icon portrait'>\n\t\t\t\t<a href='https:\/\/muvacandalucia.es\/6d928bfd-f0fe-4e24-bec3-aa9b2acb13d7\/'><img width=\"150\" height=\"150\" src=\"https:\/\/muvacandalucia.es\/wp-content\/uploads\/2021\/07\/6D928BFD-F0FE-4E24-BEC3-AA9B2ACB13D7-150x150.jpeg\" class=\"attachment-thumbnail size-thumbnail\" alt=\"\" decoding=\"async\" loading=\"lazy\" \/><\/a>\n\t\t\t<\/div><\/figure><figure class='gallery-item'>\n\t\t\t<div class='gallery-icon portrait'>\n\t\t\t\t<a href='https:\/\/muvacandalucia.es\/1fa1cf75-c475-493d-aa47-463eadefa25c\/'><img width=\"150\" height=\"150\" src=\"https:\/\/muvacandalucia.es\/wp-content\/uploads\/2021\/07\/1FA1CF75-C475-493D-AA47-463EADEFA25C-150x150.jpeg\" class=\"attachment-thumbnail size-thumbnail\" alt=\"\" decoding=\"async\" loading=\"lazy\" \/><\/a>\n\t\t\t<\/div><\/figure>\n\t\t<\/div>\n\n","protected":false},"excerpt":{"rendered":"<p>&nbsp; Esther Mart\u00ednez. Crece a nuestro alrededor, cada vez con m\u00e1s ah\u00ednco, un inter\u00e9s por extraer del olvido a las muchas mujeres que ejercieron su actividad en una diversidad de&hellip;<\/p>\n","protected":false},"author":2,"featured_media":1861,"comment_status":"open","ping_status":"open","sticky":false,"template":"","format":"standard","meta":[],"categories":[272,214,88,1],"tags":[23,216,320],"jetpack_featured_media_url":"https:\/\/muvacandalucia.es\/wp-content\/uploads\/2021\/07\/63A5BCB2-EA5B-4746-B177-2C1DA84984DE-e1625127289663.jpeg","_links":{"self":[{"href":"https:\/\/muvacandalucia.es\/index.php\/wp-json\/wp\/v2\/posts\/1850"}],"collection":[{"href":"https:\/\/muvacandalucia.es\/index.php\/wp-json\/wp\/v2\/posts"}],"about":[{"href":"https:\/\/muvacandalucia.es\/index.php\/wp-json\/wp\/v2\/types\/post"}],"author":[{"embeddable":true,"href":"https:\/\/muvacandalucia.es\/index.php\/wp-json\/wp\/v2\/users\/2"}],"replies":[{"embeddable":true,"href":"https:\/\/muvacandalucia.es\/index.php\/wp-json\/wp\/v2\/comments?post=1850"}],"version-history":[{"count":9,"href":"https:\/\/muvacandalucia.es\/index.php\/wp-json\/wp\/v2\/posts\/1850\/revisions"}],"predecessor-version":[{"id":1857,"href":"https:\/\/muvacandalucia.es\/index.php\/wp-json\/wp\/v2\/posts\/1850\/revisions\/1857"}],"wp:featuredmedia":[{"embeddable":true,"href":"https:\/\/muvacandalucia.es\/index.php\/wp-json\/wp\/v2\/media\/1861"}],"wp:attachment":[{"href":"https:\/\/muvacandalucia.es\/index.php\/wp-json\/wp\/v2\/media?parent=1850"}],"wp:term":[{"taxonomy":"category","embeddable":true,"href":"https:\/\/muvacandalucia.es\/index.php\/wp-json\/wp\/v2\/categories?post=1850"},{"taxonomy":"post_tag","embeddable":true,"href":"https:\/\/muvacandalucia.es\/index.php\/wp-json\/wp\/v2\/tags?post=1850"}],"curies":[{"name":"wp","href":"https:\/\/api.w.org\/{rel}","templated":true}]}}