{"id":1828,"date":"2021-06-08T09:26:51","date_gmt":"2021-06-08T09:26:51","guid":{"rendered":"https:\/\/muvacandalucia.es\/?p=1828"},"modified":"2021-06-11T11:52:29","modified_gmt":"2021-06-11T11:52:29","slug":"miguel-scheroff-nos-habla-despues-del-tiempo","status":"publish","type":"post","link":"https:\/\/muvacandalucia.es\/index.php\/2021\/06\/08\/miguel-scheroff-nos-habla-despues-del-tiempo\/","title":{"rendered":"Miguel Scheroff nos habla Despu\u00e9s del Tiempo"},"content":{"rendered":"<p style=\"text-align: justify\"><span style=\"color: #808080\">Miguel Scheroff (Navas de Tolosa, 1988), muestra en Ja\u00e9n su trabajo y en \u00e9l plantea una reflexi\u00f3n sobre los grandes conflictos existenciales y las consecuencias dram\u00e1ticas de los debates absurdos. Seg\u00fan \u00e9l mismo ha reflexionado alguna vez, pretende poner de manifiesto esa dualidad intr\u00ednseca en el ser humano por la que es capaz de ser luz y sombra a la vez.<\/span><\/p>\n<p style=\"text-align: justify\"><span style=\"color: #808080\">Si nos acercamos a la sala de exposiciones temporales de la Antigua Escuela de Magisterio de Ja\u00e9n veremos, en su exposici\u00f3n <em>Despu\u00e9s del Tiempo<\/em>, como el artista materializa estos planteamientos de forma clara para el espectador y lo hace en un conjunto de obras, en su mayor\u00eda de gran formato, que no pasa desapercibida.<span class=\"Apple-converted-space\">\u00a0<\/span><\/span><\/p>\n<p style=\"text-align: justify\"><span style=\"color: #808080\">En un lenguaje en el que se mezclan elementos mitol\u00f3gicos con otros propios de la animaci\u00f3n vemos como el artista realza sus obras a trav\u00e9s de colores luminosos y de fuertes contrastes. Combina en su discurso personajes y objetos que distan siglos unos de otros y los presenta ante el espectador cargados de violencia crom\u00e1tica y con una especial vitalidad reflejada en las pupilas.<span class=\"Apple-converted-space\">\u00a0<\/span><\/span><\/p>\n<p style=\"text-align: justify\"><span style=\"color: #808080\">Sus obras vienen cargadas de materia y est\u00e1n acompa\u00f1adas de composiciones abigarradas que nos hablan de conflictividad a trav\u00e9s de colores impactantes y en ocasiones con la visi\u00f3n de carnes desgarradas. En su lenguaje figurativo se rompe la l\u00f3gica narrativa a trav\u00e9s del uso de<span class=\"Apple-converted-space\">\u00a0 <\/span>s\u00edmbolos de origen medieval y renacentista que se mezclan<span class=\"Apple-converted-space\">\u00a0 <\/span>con otros de la era cibern\u00e9tica.<span class=\"Apple-converted-space\">\u00a0<\/span><\/span><\/p>\n<p style=\"text-align: justify\"><span style=\"color: #808080\">La exposici\u00f3n, que re\u00fane obras de Scheroff de sus \u00faltimos dos a\u00f1os, es organizada por el Vicerrectorado de la Universidad puede verse hasta el 15 de septiembre en horario de lunes a viernes de 10 a 14 horas y de 17 a 21 horas.<span class=\"Apple-converted-space\">\u00a0<\/span><\/span><\/p>\n<p><span style=\"color: #808080\">Esther Mart\u00ednez.<\/span><\/p>\n","protected":false},"excerpt":{"rendered":"<p>Miguel Scheroff (Navas de Tolosa, 1988), muestra en Ja\u00e9n su trabajo y en \u00e9l plantea una reflexi\u00f3n sobre los grandes conflictos existenciales y las consecuencias dram\u00e1ticas de los debates absurdos.&hellip;<\/p>\n","protected":false},"author":2,"featured_media":1830,"comment_status":"open","ping_status":"open","sticky":false,"template":"","format":"standard","meta":[],"categories":[272,214,88],"tags":[221,218,23,24],"jetpack_featured_media_url":"https:\/\/muvacandalucia.es\/wp-content\/uploads\/2021\/06\/74D3274A-7A44-4067-ADD1-7FE8378CA3E7.jpeg","_links":{"self":[{"href":"https:\/\/muvacandalucia.es\/index.php\/wp-json\/wp\/v2\/posts\/1828"}],"collection":[{"href":"https:\/\/muvacandalucia.es\/index.php\/wp-json\/wp\/v2\/posts"}],"about":[{"href":"https:\/\/muvacandalucia.es\/index.php\/wp-json\/wp\/v2\/types\/post"}],"author":[{"embeddable":true,"href":"https:\/\/muvacandalucia.es\/index.php\/wp-json\/wp\/v2\/users\/2"}],"replies":[{"embeddable":true,"href":"https:\/\/muvacandalucia.es\/index.php\/wp-json\/wp\/v2\/comments?post=1828"}],"version-history":[{"count":4,"href":"https:\/\/muvacandalucia.es\/index.php\/wp-json\/wp\/v2\/posts\/1828\/revisions"}],"predecessor-version":[{"id":1838,"href":"https:\/\/muvacandalucia.es\/index.php\/wp-json\/wp\/v2\/posts\/1828\/revisions\/1838"}],"wp:featuredmedia":[{"embeddable":true,"href":"https:\/\/muvacandalucia.es\/index.php\/wp-json\/wp\/v2\/media\/1830"}],"wp:attachment":[{"href":"https:\/\/muvacandalucia.es\/index.php\/wp-json\/wp\/v2\/media?parent=1828"}],"wp:term":[{"taxonomy":"category","embeddable":true,"href":"https:\/\/muvacandalucia.es\/index.php\/wp-json\/wp\/v2\/categories?post=1828"},{"taxonomy":"post_tag","embeddable":true,"href":"https:\/\/muvacandalucia.es\/index.php\/wp-json\/wp\/v2\/tags?post=1828"}],"curies":[{"name":"wp","href":"https:\/\/api.w.org\/{rel}","templated":true}]}}