{"id":1827,"date":"2021-06-09T09:04:49","date_gmt":"2021-06-09T09:04:49","guid":{"rendered":"https:\/\/muvacandalucia.es\/?p=1827"},"modified":"2021-07-01T18:34:27","modified_gmt":"2021-07-01T18:34:27","slug":"03-belen-paton-una-artista-multifacetica","status":"publish","type":"post","link":"https:\/\/muvacandalucia.es\/index.php\/2021\/06\/09\/03-belen-paton-una-artista-multifacetica\/","title":{"rendered":"03 Bel\u00e9n Pat\u00f3n, una artista multifac\u00e9tica."},"content":{"rendered":"<p style=\"text-align: justify;\"><span style=\"color: #808080;\">Tras graduarse en Arquitectura en Sevilla en 2018, empez\u00f3 en el mundo de las artes pl\u00e1sticas como autodidacta, plasmando su pasi\u00f3n por el color y el expresionismo a trav\u00e9s de la pintura y la cer\u00e1mica. Actualmente se encuentra estudiando la carrera de Bellas Artes en Altea y trabajando en un estudio de arquitectura, donde compagina su actividad de estudio.<\/span><\/p>\n<p style=\"text-align: justify;\"><span style=\"color: #808080;\">Bel\u00e9n no parece dispuesta a renunciar a nada y se plantea experimentar su creatividad y sus m\u00faltiples facetas art\u00edsticas en tantos campos del arte como le sea posible.<\/span><\/p>\n<figure id=\"attachment_1826\" aria-describedby=\"caption-attachment-1826\" style=\"width: 150px\" class=\"wp-caption alignnone\"><img decoding=\"async\" loading=\"lazy\" class=\"size-post-thumbnail wp-image-1826\" src=\"https:\/\/muvacandalucia.es\/wp-content\/uploads\/2021\/06\/Cuerpos-Celestes.-Acrilico-sobre-lienzo.-27x35-1-150x100.jpg\" alt=\"Cuerpos Celestes. Acr\u00edlico sobre lienzo. 27x35\" width=\"150\" height=\"100\" \/><figcaption id=\"caption-attachment-1826\" class=\"wp-caption-text\">Cuerpos Celestes. Acr\u00edlico sobre lienzo. cms.<\/figcaption><\/figure>\n","protected":false},"excerpt":{"rendered":"<p>Tras graduarse en Arquitectura en Sevilla en 2018, empez\u00f3 en el mundo de las artes pl\u00e1sticas como autodidacta, plasmando su pasi\u00f3n por el color y el expresionismo a trav\u00e9s de&hellip;<\/p>\n","protected":false},"author":1,"featured_media":1826,"comment_status":"open","ping_status":"open","sticky":false,"template":"","format":"standard","meta":[],"categories":[308],"tags":[324,66,310],"jetpack_featured_media_url":"https:\/\/muvacandalucia.es\/wp-content\/uploads\/2021\/06\/Cuerpos-Celestes.-Acrilico-sobre-lienzo.-27x35-1.jpg","_links":{"self":[{"href":"https:\/\/muvacandalucia.es\/index.php\/wp-json\/wp\/v2\/posts\/1827"}],"collection":[{"href":"https:\/\/muvacandalucia.es\/index.php\/wp-json\/wp\/v2\/posts"}],"about":[{"href":"https:\/\/muvacandalucia.es\/index.php\/wp-json\/wp\/v2\/types\/post"}],"author":[{"embeddable":true,"href":"https:\/\/muvacandalucia.es\/index.php\/wp-json\/wp\/v2\/users\/1"}],"replies":[{"embeddable":true,"href":"https:\/\/muvacandalucia.es\/index.php\/wp-json\/wp\/v2\/comments?post=1827"}],"version-history":[{"count":1,"href":"https:\/\/muvacandalucia.es\/index.php\/wp-json\/wp\/v2\/posts\/1827\/revisions"}],"predecessor-version":[{"id":1829,"href":"https:\/\/muvacandalucia.es\/index.php\/wp-json\/wp\/v2\/posts\/1827\/revisions\/1829"}],"wp:featuredmedia":[{"embeddable":true,"href":"https:\/\/muvacandalucia.es\/index.php\/wp-json\/wp\/v2\/media\/1826"}],"wp:attachment":[{"href":"https:\/\/muvacandalucia.es\/index.php\/wp-json\/wp\/v2\/media?parent=1827"}],"wp:term":[{"taxonomy":"category","embeddable":true,"href":"https:\/\/muvacandalucia.es\/index.php\/wp-json\/wp\/v2\/categories?post=1827"},{"taxonomy":"post_tag","embeddable":true,"href":"https:\/\/muvacandalucia.es\/index.php\/wp-json\/wp\/v2\/tags?post=1827"}],"curies":[{"name":"wp","href":"https:\/\/api.w.org\/{rel}","templated":true}]}}