{"id":1814,"date":"2021-06-07T12:23:38","date_gmt":"2021-06-07T12:23:38","guid":{"rendered":"https:\/\/muvacandalucia.es\/?p=1814"},"modified":"2021-06-08T08:56:19","modified_gmt":"2021-06-08T08:56:19","slug":"02-belin-y-la-evolucion-desde-la-calle-al-estudio","status":"publish","type":"post","link":"https:\/\/muvacandalucia.es\/index.php\/2021\/06\/07\/02-belin-y-la-evolucion-desde-la-calle-al-estudio\/","title":{"rendered":"02 Belin y la evoluci\u00f3n. Desde la calle al estudio."},"content":{"rendered":"<p style=\"text-align: justify;\"><span style=\"color: #808080;\">El linarense Miguel \u00c1ngel Belinch\u00f3n (1979) es un artista en cont\u00ednua evoluci\u00f3n. Desde sus comienzos en 1994 con sus primeros graffitis en la Barriada de Arrayanes de su localidad, con unos cl\u00e1sicos del g\u00e9nero present\u00e1ndose a s\u00ed mismo como Slam Master, su estilo ha ido evolucionando desde la m\u00e1s pura manifestaci\u00f3n como grafitero hasta su consagraci\u00f3n como profesional en 2002 con el cultivo de trabajos impresionistas, wildstyles, o model pastel o el realismo o su m\u00e1s reciente conversi\u00f3n al post-neocubismo al que se adscribe su obra de los \u00faltimos a\u00f1os.<\/span><\/p>\n<p style=\"text-align: justify;\"><span style=\"color: #808080;\">Su obra trasciende el grafiti para transformarse en arte urbano o muralismo en muchos casos en los que el artista compagina tradici\u00f3n y modernidad tanto en sus temas, sus tratamientos como las t\u00e9cnicas empleadas.<\/span><\/p>\n<p style=\"text-align: justify;\"><span style=\"color: #808080;\">Independientemente de sus muchos trabajos a lo largo de m\u00faltiples pa\u00edses, su trabajo se centra en la actualidad en la pintura y escultura de estudio que comienzan a ser cotizadas en todo el mundo.<\/span><\/p>\n<div id='gallery-1' class='gallery galleryid-1814 gallery-columns-3 gallery-size-thumbnail'><figure class='gallery-item'>\n\t\t\t<div class='gallery-icon portrait'>\n\t\t\t\t<a href='https:\/\/muvacandalucia.es\/omg-acrilico-sobre-tabla-30-diametro\/'><img width=\"150\" height=\"150\" src=\"https:\/\/muvacandalucia.es\/wp-content\/uploads\/2021\/06\/OMG.-Acrilico-sobre-tabla.-30-diametro-150x150.jpg\" class=\"attachment-thumbnail size-thumbnail\" alt=\"OMG. Acr\u00edlico sobre tabla. 30 di\u00e1metro\" decoding=\"async\" loading=\"lazy\" aria-describedby=\"gallery-1-1819\" \/><\/a>\n\t\t\t<\/div>\n\t\t\t\t<figcaption class='wp-caption-text gallery-caption' id='gallery-1-1819'>\n\t\t\t\tOMG. Acr\u00edlico sobre tabla. 30 di\u00e1metro\n\t\t\t\t<\/figcaption><\/figure><figure class='gallery-item'>\n\t\t\t<div class='gallery-icon portrait'>\n\t\t\t\t<a href='https:\/\/muvacandalucia.es\/index.php\/2021\/06\/07\/02-belin-y-la-evolucion-desde-la-calle-al-estudio\/terpsicore-oleo-y-acrilico-sobre-lienzo-de-lino-belga\/'><img width=\"150\" height=\"150\" src=\"https:\/\/muvacandalucia.es\/wp-content\/uploads\/2021\/06\/Terpsicore.-OLEO-Y-ACRILICO-SOBRE-LIENZO-DE-LINO-BELGA-150x150.jpg\" class=\"attachment-thumbnail size-thumbnail\" alt=\"\u201cTerps\u00edcore\u201d. \u00d3LEO Y ACR\u00cdLICO SOBRE LIENZO DE LINO BELGA. 36x30 cm\" decoding=\"async\" loading=\"lazy\" aria-describedby=\"gallery-1-1815\" \/><\/a>\n\t\t\t<\/div>\n\t\t\t\t<figcaption class='wp-caption-text gallery-caption' id='gallery-1-1815'>\n\t\t\t\t\u201cTerps\u00edcore\u201d. \u00d3leo y acr\u00edlico sobre lienzo de lino belga. 36&#215;36 cm\n\t\t\t\t<\/figcaption><\/figure>\n\t\t<\/div>\n\n","protected":false},"excerpt":{"rendered":"<p>El linarense Miguel \u00c1ngel Belinch\u00f3n (1979) es un artista en cont\u00ednua evoluci\u00f3n. Desde sus comienzos en 1994 con sus primeros graffitis en la Barriada de Arrayanes de su localidad, con&hellip;<\/p>\n","protected":false},"author":1,"featured_media":1815,"comment_status":"open","ping_status":"open","sticky":false,"template":"","format":"standard","meta":[],"categories":[308],"tags":[315,14,314,310,301],"jetpack_featured_media_url":"https:\/\/muvacandalucia.es\/wp-content\/uploads\/2021\/06\/Terpsicore.-OLEO-Y-ACRILICO-SOBRE-LIENZO-DE-LINO-BELGA.jpg","_links":{"self":[{"href":"https:\/\/muvacandalucia.es\/index.php\/wp-json\/wp\/v2\/posts\/1814"}],"collection":[{"href":"https:\/\/muvacandalucia.es\/index.php\/wp-json\/wp\/v2\/posts"}],"about":[{"href":"https:\/\/muvacandalucia.es\/index.php\/wp-json\/wp\/v2\/types\/post"}],"author":[{"embeddable":true,"href":"https:\/\/muvacandalucia.es\/index.php\/wp-json\/wp\/v2\/users\/1"}],"replies":[{"embeddable":true,"href":"https:\/\/muvacandalucia.es\/index.php\/wp-json\/wp\/v2\/comments?post=1814"}],"version-history":[{"count":6,"href":"https:\/\/muvacandalucia.es\/index.php\/wp-json\/wp\/v2\/posts\/1814\/revisions"}],"predecessor-version":[{"id":1825,"href":"https:\/\/muvacandalucia.es\/index.php\/wp-json\/wp\/v2\/posts\/1814\/revisions\/1825"}],"wp:featuredmedia":[{"embeddable":true,"href":"https:\/\/muvacandalucia.es\/index.php\/wp-json\/wp\/v2\/media\/1815"}],"wp:attachment":[{"href":"https:\/\/muvacandalucia.es\/index.php\/wp-json\/wp\/v2\/media?parent=1814"}],"wp:term":[{"taxonomy":"category","embeddable":true,"href":"https:\/\/muvacandalucia.es\/index.php\/wp-json\/wp\/v2\/categories?post=1814"},{"taxonomy":"post_tag","embeddable":true,"href":"https:\/\/muvacandalucia.es\/index.php\/wp-json\/wp\/v2\/tags?post=1814"}],"curies":[{"name":"wp","href":"https:\/\/api.w.org\/{rel}","templated":true}]}}