{"id":1805,"date":"2021-06-07T08:01:56","date_gmt":"2021-06-07T08:01:56","guid":{"rendered":"https:\/\/muvacandalucia.es\/?p=1805"},"modified":"2021-06-10T08:34:27","modified_gmt":"2021-06-10T08:34:27","slug":"la-casa-abierta-lugar-de-reencuentros","status":"publish","type":"post","link":"https:\/\/muvacandalucia.es\/index.php\/2021\/06\/07\/la-casa-abierta-lugar-de-reencuentros\/","title":{"rendered":"La Casa Abierta, un lugar para el reencuentro."},"content":{"rendered":"<p style=\"text-align: justify\"><span style=\"color: #808080\">La necesidad de que la actividad art\u00edstica contempor\u00e1nea sea visible y accesible para los barrios y las personas que los habitan se hace incluso m\u00e1s patente en ciudades como Ja\u00e9n. Una ciudad en la que adem\u00e1s de esa calma existencial que nos define se nos suman otros factores que consiguen separar al arte contempor\u00e1neo de la comunidad, factores como: la desidia general que nos envuelve, la falta de recursos o la inexistencia de espacios alternativos donde ofrecer actividades art\u00edsticas que se salgan de lo cl\u00e1sico, no hacen m\u00e1s que acentuar esta distancia.<span class=\"Apple-converted-space\">\u00a0<\/span><\/span><\/p>\n<p style=\"text-align: justify\"><span style=\"color: #808080\">Por esto es necesario que surjan propuestas atrevidas que acerquen el arte a la gente, que sean capaces de modificar los est\u00e1ndares y sacarlo de los museos y de las salas de exposiciones convencionales para llevarlo a los barrios a golpe de propuestas que huelan a activismo social, que provoquen el pensamiento cr\u00edtico y que adem\u00e1s vinculen al arte con el territorio y por ende con sus habitantes, y esto es lo que se hace en espacios como el que hoy trataremos, La Casa Abierta.<span class=\"Apple-converted-space\">\u00a0 \u00a0 \u00a0<\/span><\/span><\/p>\n<p style=\"text-align: justify\"><span style=\"color: #808080\">La Casa Abierta es un proyecto de AASA (Asociaci\u00f3n Cultural de Acci\u00f3n Social y Arte), situada en la calle giennense Vacas de<span class=\"Apple-converted-space\">\u00a0 <\/span>San Juan, desde donde acometen la tarea de revitalizar la conocida como Casa de Artistas que comenz\u00f3 su andadura a principios del siglo y que ha tenido sus idas y venidas a lo largo de estos a\u00f1os en su intento por mantenerse a flote. Tras permanecer cerrada los \u00faltimos a\u00f1os, el Ayuntamiento, a trav\u00e9s de su Patronato Municipal de Cultura, lleg\u00f3 a un acuerdo de cesi\u00f3n del espacio con AASA para que la Asociaci\u00f3n llevase a cabo su proyecto de desarrollo art\u00edstico y metodol\u00f3gico que adem\u00e1s sirviese como agente dinamizador para el barrio. <span class=\"Apple-converted-space\">\u00a0<\/span><\/span><\/p>\n<p style=\"text-align: justify\"><span style=\"color: #808080\">AASA, dentro de sus m\u00faltiples propuestas de actuaci\u00f3n en este enclave, ofrece desde el 20 de mayo la exposici\u00f3n colectiva <em>Henos. Para aprender con el arte<\/em>, una propuesta llevada a cabo dentro de la Semana Internacional de la Educaci\u00f3n Art\u00edstica y estructurada bajo la visi\u00f3n del grupo de investigaci\u00f3n HUM 862, Estudios en Sociedad, Artes y Gesti\u00f3n Cultural, dentro de su compromiso con la puesta en marcha de \u00a0f\u00f3rmulas que hagan realidad el reencuentro entre la comunidad y las propuestas art\u00edsticas.<span class=\"Apple-converted-space\">\u00a0<\/span><\/span><\/p>\n<p style=\"text-align: justify\"><span style=\"color: #808080\">HUM 862 es un grupo en el que se integran diferentes profesionales,<span class=\"Apple-converted-space\">\u00a0<\/span>investigadores e investigadoras, que trabajan en diversos campos: artes, historia, sociolog\u00eda, educaci\u00f3n, psicolog\u00eda, antropolog\u00eda, etc., en casi todos los casos vinculados a la Universidad de Ja\u00e9n, y que entre sus objetivos contemplan actividades de dinamizaci\u00f3n, intervenci\u00f3n y difusi\u00f3n de las artes a trav\u00e9s de programas, talleres, cursos, eventos art\u00edsticos y culturales, publicaciones de investigaciones o exposiciones, entre otras actividades.<span class=\"Apple-converted-space\">\u00a0<\/span><\/span><\/p>\n<p style=\"text-align: justify\"><span style=\"color: #808080\">En esta ocasi\u00f3n, la Casa Abierta acoge hasta el 15 de junio entre sus paredes esta exposici\u00f3n colectiva que incluye la mirada como docentes del alumnado del M\u00e1ster de Profesorado en Educaci\u00f3n Secundaria de la Universidad de Ja\u00e9n, a trav\u00e9s de videocreaci\u00f3n, arte digital, pintura, etc. y que puede ser visitada los mi\u00e9rcoles, jueves y viernes en horario de 19:00 a 21:00h y los s\u00e1bados de 12:00 a 14:00h.<\/span><\/p>\n<p style=\"text-align: justify\"><span style=\"color: #808080\"><span class=\"Apple-converted-space\">Para m\u00e1s informaci\u00f3n, la Casa Abierta dispone de p\u00e1gina web <a href=\"https:\/\/www.lacasaabierta.com\/\">aqu\u00ed<\/a>.\u00a0<\/span><\/span><\/p>\n<p><span style=\"color: #808080\">Esther Mart\u00ednez.<\/span><\/p>\n","protected":false},"excerpt":{"rendered":"<p>La necesidad de que la actividad art\u00edstica contempor\u00e1nea sea visible y accesible para los barrios y las personas que los habitan se hace incluso m\u00e1s patente en ciudades como Ja\u00e9n.&hellip;<\/p>\n","protected":false},"author":2,"featured_media":1806,"comment_status":"open","ping_status":"open","sticky":false,"template":"","format":"standard","meta":[],"categories":[272,6,10,7,214,88],"tags":[283,313,311,218,312],"jetpack_featured_media_url":"https:\/\/muvacandalucia.es\/wp-content\/uploads\/2021\/06\/4C686D5F-B8EA-41B9-8DFF-8A5891C45066.jpeg","_links":{"self":[{"href":"https:\/\/muvacandalucia.es\/index.php\/wp-json\/wp\/v2\/posts\/1805"}],"collection":[{"href":"https:\/\/muvacandalucia.es\/index.php\/wp-json\/wp\/v2\/posts"}],"about":[{"href":"https:\/\/muvacandalucia.es\/index.php\/wp-json\/wp\/v2\/types\/post"}],"author":[{"embeddable":true,"href":"https:\/\/muvacandalucia.es\/index.php\/wp-json\/wp\/v2\/users\/2"}],"replies":[{"embeddable":true,"href":"https:\/\/muvacandalucia.es\/index.php\/wp-json\/wp\/v2\/comments?post=1805"}],"version-history":[{"count":9,"href":"https:\/\/muvacandalucia.es\/index.php\/wp-json\/wp\/v2\/posts\/1805\/revisions"}],"predecessor-version":[{"id":1837,"href":"https:\/\/muvacandalucia.es\/index.php\/wp-json\/wp\/v2\/posts\/1805\/revisions\/1837"}],"wp:featuredmedia":[{"embeddable":true,"href":"https:\/\/muvacandalucia.es\/index.php\/wp-json\/wp\/v2\/media\/1806"}],"wp:attachment":[{"href":"https:\/\/muvacandalucia.es\/index.php\/wp-json\/wp\/v2\/media?parent=1805"}],"wp:term":[{"taxonomy":"category","embeddable":true,"href":"https:\/\/muvacandalucia.es\/index.php\/wp-json\/wp\/v2\/categories?post=1805"},{"taxonomy":"post_tag","embeddable":true,"href":"https:\/\/muvacandalucia.es\/index.php\/wp-json\/wp\/v2\/tags?post=1805"}],"curies":[{"name":"wp","href":"https:\/\/api.w.org\/{rel}","templated":true}]}}