{"id":1799,"date":"2021-06-06T18:02:42","date_gmt":"2021-06-06T18:02:42","guid":{"rendered":"https:\/\/muvacandalucia.es\/?p=1799"},"modified":"2021-06-06T18:02:42","modified_gmt":"2021-06-06T18:02:42","slug":"01-alberto-carrillo-desde-la-mas-pura-escuela-pictorica-a-la-innovacion-tecnica","status":"publish","type":"post","link":"https:\/\/muvacandalucia.es\/index.php\/2021\/06\/06\/01-alberto-carrillo-desde-la-mas-pura-escuela-pictorica-a-la-innovacion-tecnica\/","title":{"rendered":"01 Alberto Carrillo, desde la m\u00e1s pura escuela pict\u00f3rica a la innovaci\u00f3n t\u00e9cnica"},"content":{"rendered":"<p style=\"text-align: justify;\"><span style=\"color: #808080;\">Hijo de Francisco Carrillo Cruz, el joven Alberto Carrillo Rodr\u00edguez nace en Ja\u00e9n en 1988. Desde los catorce a\u00f1os recibe clases de dibujo de manera privada hasta su ingreso en la escuela de arte \u201c Jos\u00e9 Nogu\u00e9\u201d de Ja\u00e9n para cursar los estudios de bachillerato. Su infancia y toda su vida en una familia de artistas lo convierten en un pintor nato, de pincel agudo, visi\u00f3n multidimensional de la realidad y una composici\u00f3n precisa y minuciosa.<\/span><\/p>\n<p style=\"text-align: justify;\"><span style=\"color: #808080;\">Es licenciado en Bellas Artes por la Facultad \u201cSanta Isabel de Hungr\u00eda, 2008-2013 (Sevilla). Actualmente imparte clase en Academia de Arte Carrillo .<\/span><\/p>\n<div id='gallery-1' class='gallery galleryid-1799 gallery-columns-3 gallery-size-thumbnail'><figure class='gallery-item'>\n\t\t\t<div class='gallery-icon landscape'>\n\t\t\t\t<a href='https:\/\/muvacandalucia.es\/index.php\/2021\/06\/06\/01-alberto-carrillo-desde-la-mas-pura-escuela-pictorica-a-la-innovacion-tecnica\/01-zen-mode-acrilico-sobre-tabla\/'><img width=\"150\" height=\"150\" src=\"https:\/\/muvacandalucia.es\/wp-content\/uploads\/2021\/06\/01-Zen-Mode.-Acrilico-sobre-tabla-150x150.jpg\" class=\"attachment-thumbnail size-thumbnail\" alt=\"\u201cZen Mode\u201d. Acr\u00edlico sobre tabla. 40x40\" decoding=\"async\" loading=\"lazy\" aria-describedby=\"gallery-1-1800\" srcset=\"https:\/\/muvacandalucia.es\/wp-content\/uploads\/2021\/06\/01-Zen-Mode.-Acrilico-sobre-tabla-150x150.jpg 150w, https:\/\/muvacandalucia.es\/wp-content\/uploads\/2021\/06\/01-Zen-Mode.-Acrilico-sobre-tabla-300x300.jpg 300w, https:\/\/muvacandalucia.es\/wp-content\/uploads\/2021\/06\/01-Zen-Mode.-Acrilico-sobre-tabla-768x768.jpg 768w, https:\/\/muvacandalucia.es\/wp-content\/uploads\/2021\/06\/01-Zen-Mode.-Acrilico-sobre-tabla.jpg 777w\" sizes=\"(max-width: 150px) 100vw, 150px\" \/><\/a>\n\t\t\t<\/div>\n\t\t\t\t<figcaption class='wp-caption-text gallery-caption' id='gallery-1-1800'>\n\t\t\t\t\u201cZen Mode\u201d. Acr\u00edlico sobre tabla. 40&#215;40\n\t\t\t\t<\/figcaption><\/figure><figure class='gallery-item'>\n\t\t\t<div class='gallery-icon portrait'>\n\t\t\t\t<a href='https:\/\/muvacandalucia.es\/index.php\/2021\/06\/06\/01-alberto-carrillo-desde-la-mas-pura-escuela-pictorica-a-la-innovacion-tecnica\/03-calle-campanas\/'><img width=\"150\" height=\"150\" src=\"https:\/\/muvacandalucia.es\/wp-content\/uploads\/2021\/06\/03-Calle-campanas-150x150.jpg\" class=\"attachment-thumbnail size-thumbnail\" alt=\"\" decoding=\"async\" loading=\"lazy\" aria-describedby=\"gallery-1-1801\" \/><\/a>\n\t\t\t<\/div>\n\t\t\t\t<figcaption class='wp-caption-text gallery-caption' id='gallery-1-1801'>\n\t\t\t\tCalle campanas, acuarela\n\t\t\t\t<\/figcaption><\/figure><figure class='gallery-item'>\n\t\t\t<div class='gallery-icon portrait'>\n\t\t\t\t<a href='https:\/\/muvacandalucia.es\/index.php\/2021\/06\/06\/01-alberto-carrillo-desde-la-mas-pura-escuela-pictorica-a-la-innovacion-tecnica\/34-mixta-sobre-lienzo-150-x150cm\/'><img width=\"150\" height=\"150\" src=\"https:\/\/muvacandalucia.es\/wp-content\/uploads\/2021\/06\/34-mixta-sobre-lienzo-150-x150cm.-150x150.jpg\" class=\"attachment-thumbnail size-thumbnail\" alt=\"&quot;34&quot;. mixta sobre lienzo. 150 x150cm.\" decoding=\"async\" loading=\"lazy\" aria-describedby=\"gallery-1-1802\" srcset=\"https:\/\/muvacandalucia.es\/wp-content\/uploads\/2021\/06\/34-mixta-sobre-lienzo-150-x150cm.-150x150.jpg 150w, https:\/\/muvacandalucia.es\/wp-content\/uploads\/2021\/06\/34-mixta-sobre-lienzo-150-x150cm.-300x300.jpg 300w, https:\/\/muvacandalucia.es\/wp-content\/uploads\/2021\/06\/34-mixta-sobre-lienzo-150-x150cm.-1021x1024.jpg 1021w, https:\/\/muvacandalucia.es\/wp-content\/uploads\/2021\/06\/34-mixta-sobre-lienzo-150-x150cm.-768x770.jpg 768w, https:\/\/muvacandalucia.es\/wp-content\/uploads\/2021\/06\/34-mixta-sobre-lienzo-150-x150cm..jpg 1440w\" sizes=\"(max-width: 150px) 100vw, 150px\" \/><\/a>\n\t\t\t<\/div>\n\t\t\t\t<figcaption class='wp-caption-text gallery-caption' id='gallery-1-1802'>\n\t\t\t\tmixta sobre lienzo 150 x150cm.\n\t\t\t\t<\/figcaption><\/figure>\n\t\t<\/div>\n\n<p>http:\/\/www.academiadeartecarrillo.com\/<\/p>\n","protected":false},"excerpt":{"rendered":"<p>Hijo de Francisco Carrillo Cruz, el joven Alberto Carrillo Rodr\u00edguez nace en Ja\u00e9n en 1988. Desde los catorce a\u00f1os recibe clases de dibujo de manera privada hasta su ingreso en&hellip;<\/p>\n","protected":false},"author":1,"featured_media":1800,"comment_status":"open","ping_status":"open","sticky":false,"template":"","format":"standard","meta":[],"categories":[308],"tags":[309,14,310,301],"jetpack_featured_media_url":"https:\/\/muvacandalucia.es\/wp-content\/uploads\/2021\/06\/01-Zen-Mode.-Acrilico-sobre-tabla.jpg","_links":{"self":[{"href":"https:\/\/muvacandalucia.es\/index.php\/wp-json\/wp\/v2\/posts\/1799"}],"collection":[{"href":"https:\/\/muvacandalucia.es\/index.php\/wp-json\/wp\/v2\/posts"}],"about":[{"href":"https:\/\/muvacandalucia.es\/index.php\/wp-json\/wp\/v2\/types\/post"}],"author":[{"embeddable":true,"href":"https:\/\/muvacandalucia.es\/index.php\/wp-json\/wp\/v2\/users\/1"}],"replies":[{"embeddable":true,"href":"https:\/\/muvacandalucia.es\/index.php\/wp-json\/wp\/v2\/comments?post=1799"}],"version-history":[{"count":1,"href":"https:\/\/muvacandalucia.es\/index.php\/wp-json\/wp\/v2\/posts\/1799\/revisions"}],"predecessor-version":[{"id":1803,"href":"https:\/\/muvacandalucia.es\/index.php\/wp-json\/wp\/v2\/posts\/1799\/revisions\/1803"}],"wp:featuredmedia":[{"embeddable":true,"href":"https:\/\/muvacandalucia.es\/index.php\/wp-json\/wp\/v2\/media\/1800"}],"wp:attachment":[{"href":"https:\/\/muvacandalucia.es\/index.php\/wp-json\/wp\/v2\/media?parent=1799"}],"wp:term":[{"taxonomy":"category","embeddable":true,"href":"https:\/\/muvacandalucia.es\/index.php\/wp-json\/wp\/v2\/categories?post=1799"},{"taxonomy":"post_tag","embeddable":true,"href":"https:\/\/muvacandalucia.es\/index.php\/wp-json\/wp\/v2\/tags?post=1799"}],"curies":[{"name":"wp","href":"https:\/\/api.w.org\/{rel}","templated":true}]}}