{"id":1796,"date":"2021-06-05T16:55:52","date_gmt":"2021-06-05T16:55:52","guid":{"rendered":"https:\/\/muvacandalucia.es\/?p=1796"},"modified":"2021-06-06T16:57:52","modified_gmt":"2021-06-06T16:57:52","slug":"el-legado-de-angel-barrios-vuelve-a-abrir-sus-puertas-en-el-corazon-de-la-alhambra","status":"publish","type":"post","link":"https:\/\/muvacandalucia.es\/index.php\/2021\/06\/05\/el-legado-de-angel-barrios-vuelve-a-abrir-sus-puertas-en-el-corazon-de-la-alhambra\/","title":{"rendered":"El legado de \u00c1ngel Barrios vuelve a abrir sus puertas en el coraz\u00f3n de La Alhambra"},"content":{"rendered":"<p style=\"text-align: justify;\"><span style=\"color: #808080;\">El legado \u00c1ngel Barrios ha vuelto a abrir sus puertas en el viejo <strong>ba\u00f1o de la mezquita<\/strong>, en la calle Real de la Alhambra. En 1975 la familia del c\u00e9lebre m\u00fasico, amigo de Lorca y de Falla, don\u00f3 su legado a la Alhambra, enseres, dibujos, partituras e instrumentos que nos permiten reconstruir una parte fundamental de la historia de la ciudad en el primer tercio del siglo pasado. Las obras de readaptaci\u00f3n y la nueva lectura de este espacio es obra del arquitecto Juan Domingo Santos.<\/span><\/p>\n<p style=\"text-align: justify;\"><span style=\"color: #808080;\">A diferencia de Villa Adriana que es una arqueolog\u00eda, la Alhambra ha estado viva siempre. Y por ello transformada. Ha sido, de hecho, su <strong>transformaci\u00f3n<\/strong> la que le ha asegurado la vigencia permanente al monumento. Para Juan Domingo Santos, uno de los m\u00e1s reconocidos arquitectos espa\u00f1oles actuales, la pregunta ser\u00eda: \u00bfQu\u00e9 Alhambra es m\u00e1s cierta? \u00bfAquella que se pierde en el tiempo? \u00bfLa de Muhammad V? \u00bfLa Alhambra cristiana e imperial? \u00bfLa de los rom\u00e1nticos? \u00bfO la Alhambra tur\u00edstica de hoy d\u00eda? &#8220;Todas son ciertas -reconoce-. Cada tiempo ha interpretado la Alhambra a su modo. Y esa herencia es la que ha llegado hasta hoy&#8221;.<\/span><\/p>\n<p style=\"text-align: justify;\"><span style=\"color: #808080;\">Hay pocos lugares como el antiguo ba\u00f1o de la mezquita donde esa secuencia sea tan cierta. Juan Domingo Santos recuerda los diferentes <strong>usos<\/strong> que tuvo el espacio hasta convertirse en sede museogr\u00e1fica. &#8220;Comenz\u00f3 siendo ba\u00f1o isl\u00e1mico. Tras la conquista se convirti\u00f3 en espacio dom\u00e9stico, en casas patio habitadas a finales del XIX y principios del XX por la familia Barrios. Poco tiempo despu\u00e9s, don Leopoldo Torres Balb\u00e1s recupera el monumento en una operaci\u00f3n de &#8216;ripristino&#8217; y reintegraci\u00f3n a su etapa original. Y, por \u00faltimo, el espacio se adapta a la visita p\u00fablica&#8221;. Y todo para fabricar un paseo, ordenarlo, construir una relaci\u00f3n entre el visitante y el legado de la familia.<\/span><\/p>\n<p style=\"text-align: justify;\"><span style=\"color: #808080;\">En 1882, Antonio Barrios, conocido como el polinario, decidi\u00f3 trasladarse desde el Albayz\u00edn hasta este lugar pr\u00f3ximo a la iglesia de Santa Mar\u00eda de la Alhambra. La familia desconoc\u00eda que habitaba un antiguo ba\u00f1o isl\u00e1mico. El polinario abri\u00f3 una taberna y hasta bien entrado el siglo pasado por ella pasaron los principales <strong>intelectuales<\/strong> de la \u00e9poca -Federico, don Manuel de Falla, Joaqu\u00edn Sorolla, Santiago Rusi\u00f1ol, Manuel \u00c1ngeles Ortiz&#8230;- junto a los cantaores flamencos m\u00e1s c\u00e9lebres de la Granada de aquel entonces. El polinario y su hijo, el m\u00fasico \u00c1ngel Barrios, llegaron a reunir una importante colecci\u00f3n de pintura con obras de Zuloaga, Apperley, L\u00f3pez Mezquita o Morcillo, entre otros. All\u00ed se gest\u00f3, por ejemplo, el Concurso de Cante Jondo de 1922, cuyo primer centenario se celebrar\u00e1 el pr\u00f3ximo a\u00f1o.<\/span><\/p>\n<p style=\"text-align: justify;\"><span style=\"color: #808080;\">Intervenir el patrimonio<\/p>\n<p style=\"text-align: justify;\"><span style=\"color: #808080;\">\u00bfC\u00f3mo hay que intervenir en el patrimonio? &#8220;Nadie nos ha ense\u00f1ado a disfrutar del <strong>patrimonio<\/strong>. Por el contrario, el patrimonio se observa como una carga cuando en realidad es luz. Nos han hecho leerlo de manera incorrecta: desde el presente nos asomamos al pasado. Yo planteo una alternativa a este modo de enfrentarse a \u00e9l. Miro el lugar por lo que significa desde un punto de vista patrimonial y sumo las biograf\u00edas de las personas que lo habitaron, las autobiograf\u00edas nuestras a la hora de asomarnos y la percepci\u00f3n del visitante y sus expectativas frente a este lugar, asegura el arquitecto. En esa suma se produce el proyecto: &#8220;En la uni\u00f3n entre patrimonio y experiencia&#8221;.<\/p>\n<p style=\"text-align: justify;\"><span style=\"color: #808080;\">Poner en pie un proyecto as\u00ed solo es posible, a juicio de Juan Domingo Santos, si el arquitecto trabaja con la percepci\u00f3n, la realidad, la representaci\u00f3n, la <strong>memoria<\/strong> y la identidad. &#8220;Imagina un collage hecho de historia: El visitante entra a un ba\u00f1o isl\u00e1mico del siglo XIV recuperado, pasa a un patio castellano, a la casa antigua casa de \u00c1ngel Barrio, en esa preexistencia que conserva en 1934 Torres Balb\u00e1s, y a continuaci\u00f3n, a trav\u00e9s de una secuencia de ventanas, entra a un jard\u00edn. Este vector de tiempos y lugares fabrican un paisaje que comienza en un ba\u00f1o hist\u00f3rico y termina en un jard\u00edn arqueol\u00f3gico donde ubicar elementos. Y en ese recorrido es donde todo cobra sentido&#8221;, a\u00f1ade.<\/span><\/p>\n<p style=\"text-align: justify;\"><span style=\"color: #808080;\">Roc\u00edo D\u00edaz, directora del Patronato de la Alhambra y Generalife, ha destacado el <strong>esfuerzo<\/strong> que la instituci\u00f3n y la ciudad han hecho por recuperar el legado del m\u00fasico y compositor &#8220;cuya memoria nos ayuda a construir uno de los periodos m\u00e1s f\u00e9rtiles y creativos de la historia de Granada del pasado siglo&#8221;. D\u00edaz ha a\u00f1adido que &#8220;la m\u00fasica del artista, el piano y la guitarra, los cuadros de paisajes, las fotograf\u00edas y los objetos de la colecci\u00f3n familiar, junto a las estancias del ba\u00f1o con el patio y el jard\u00edn constituyen un conjunto de elementos y espacios que evocan la vida de la familia en este lugar&#8221;.<\/span><\/p>\n","protected":false},"excerpt":{"rendered":"<p>El legado \u00c1ngel Barrios ha vuelto a abrir sus puertas en el viejo ba\u00f1o de la mezquita, en la calle Real de la Alhambra. En 1975 la familia del c\u00e9lebre&hellip;<\/p>\n","protected":false},"author":5,"featured_media":1797,"comment_status":"open","ping_status":"open","sticky":false,"template":"","format":"standard","meta":[],"categories":[272,214],"tags":[307,74,306],"jetpack_featured_media_url":"https:\/\/muvacandalucia.es\/wp-content\/uploads\/2021\/06\/Rocio-Diaz-directora-del-Patronato-de-la-Alhambra-junto-al-arquitecto-Juan-Domingo-Santos-y-familiares-de-Angel-Barrios.jpg","_links":{"self":[{"href":"https:\/\/muvacandalucia.es\/index.php\/wp-json\/wp\/v2\/posts\/1796"}],"collection":[{"href":"https:\/\/muvacandalucia.es\/index.php\/wp-json\/wp\/v2\/posts"}],"about":[{"href":"https:\/\/muvacandalucia.es\/index.php\/wp-json\/wp\/v2\/types\/post"}],"author":[{"embeddable":true,"href":"https:\/\/muvacandalucia.es\/index.php\/wp-json\/wp\/v2\/users\/5"}],"replies":[{"embeddable":true,"href":"https:\/\/muvacandalucia.es\/index.php\/wp-json\/wp\/v2\/comments?post=1796"}],"version-history":[{"count":1,"href":"https:\/\/muvacandalucia.es\/index.php\/wp-json\/wp\/v2\/posts\/1796\/revisions"}],"predecessor-version":[{"id":1798,"href":"https:\/\/muvacandalucia.es\/index.php\/wp-json\/wp\/v2\/posts\/1796\/revisions\/1798"}],"wp:featuredmedia":[{"embeddable":true,"href":"https:\/\/muvacandalucia.es\/index.php\/wp-json\/wp\/v2\/media\/1797"}],"wp:attachment":[{"href":"https:\/\/muvacandalucia.es\/index.php\/wp-json\/wp\/v2\/media?parent=1796"}],"wp:term":[{"taxonomy":"category","embeddable":true,"href":"https:\/\/muvacandalucia.es\/index.php\/wp-json\/wp\/v2\/categories?post=1796"},{"taxonomy":"post_tag","embeddable":true,"href":"https:\/\/muvacandalucia.es\/index.php\/wp-json\/wp\/v2\/tags?post=1796"}],"curies":[{"name":"wp","href":"https:\/\/api.w.org\/{rel}","templated":true}]}}