{"id":1693,"date":"2021-04-23T14:46:50","date_gmt":"2021-04-23T14:46:50","guid":{"rendered":"https:\/\/muvacandalucia.es\/?p=1693"},"modified":"2021-04-26T16:41:08","modified_gmt":"2021-04-26T16:41:08","slug":"rostros-que-no-expresan-sutiles-vientos-que-rozan-los-cuerpos-de-bronce","status":"publish","type":"post","link":"https:\/\/muvacandalucia.es\/index.php\/2021\/04\/23\/rostros-que-no-expresan-sutiles-vientos-que-rozan-los-cuerpos-de-bronce\/","title":{"rendered":"Rostros que no expresan, sutiles vientos que rozan los cuerpos de bronce"},"content":{"rendered":"<p style=\"text-align: right;\"><a href=\"https:\/\/muvacandalucia.es\/index.php\/2021\/04\/23\/unexpresive-faces-subtle-winds-brushing-bronze-bodies\/\"><strong>ENGLISH VERSION<\/strong><\/a><\/p>\n<!--[if lt IE 9]><script>document.createElement('audio');<\/script><![endif]-->\n<audio class=\"wp-audio-shortcode\" id=\"audio-1693-1\" preload=\"none\" style=\"width: 100%;\" controls=\"controls\"><source type=\"audio\/mpeg\" src=\"https:\/\/muvacandalucia.es\/wp-content\/uploads\/2021\/04\/2021-04-23-21-05-46.m4a?_=1\" \/><a href=\"https:\/\/muvacandalucia.es\/wp-content\/uploads\/2021\/04\/2021-04-23-21-05-46.m4a\">https:\/\/muvacandalucia.es\/wp-content\/uploads\/2021\/04\/2021-04-23-21-05-46.m4a<\/a><\/audio>\n<p><span style=\"color: #808080;\">Nacido en Baeza, una peque\u00f1a ciudad del sur, en <\/span><span style=\"color: #808080;\">Andaluc\u00eda, Javier Aldarias comienza \u00a0sus andanzas en el mundo del arte urbano en 2009 plagando de dibujos los muros de su ciudad y de otras pr\u00f3ximas inici\u00e1ndose en el arte y en la aventura del descubrimiento de todo tipo de t\u00e9cnicas y estilos.<\/span><\/p>\n<p><span style=\"color: #808080;\">Tras el Bachillerato de Artes en su ciudad, Javier march\u00f3 a Cuenca, donde reside en la actualidad, para estudiar el Grado en Bellas Artes en la Facultad de Cuenca, Universidad de Castilla la Mancha.<\/span><\/p>\n<p><span style=\"color: #808080;\">Javier es un artista que abarca muchos de los campos del arte desde el graffiti, a la escultura pasando por la pintura, el grabado y la serigraf\u00eda.<\/span><\/p>\n<p><span style=\"color: #808080;\">Ha expuesto tanto a nivel nacional como internacionalmente, pasando por ciudades como Madrid, Ja\u00e9n, Cuenca, Mallorca, Pontevedra, Barcelona, Holanda, Londres, Mexico y Cracovia, entre otros.<\/span><\/p>\n<p><span style=\"color: #808080;\">En su obra, Aldarias habla de la sociedad actual, de la necesidad explosiva de mostrar un alto el nivel de vida, el lujo y en la que el contexto sexual sobresale como pilar fundamental para fomento de envidias. Javier habla del vac\u00edo y sensualidad de la oscuridad. Su obra manifiesta la viva tortura de la desgracia de ser, de estar, y el tormento de continuar.<\/span><\/p>\n<p><span style=\"color: #808080;\">De este mundo real fusionado con los sue\u00f1os aparecen miradas torbas, sonrisas hip\u00f3critas, cuerpos vulnerables y entornos paradisiacos con los que juega este joven artista, que, gracias a su versatilidad con materiales como el bronce, oleo y acr\u00edlico construye mundos que emergen de las cenizas de la gran mentira, del lujo fugaz, de un espejismo de sue\u00f1os truncados por una realidad llena de vac\u00edo.<\/span><\/p>\n<div id='gallery-1' class='gallery galleryid-1693 gallery-columns-3 gallery-size-thumbnail'><figure class='gallery-item'>\n\t\t\t<div class='gallery-icon portrait'>\n\t\t\t\t<a href='https:\/\/muvacandalucia.es\/index.php\/2021\/04\/23\/rostros-que-no-expresan-sutiles-vientos-que-rozan-los-cuerpos-de-bronce\/aldarias-censura-oleo-sobre-lienzo-100x130-2019\/'><img width=\"150\" height=\"150\" src=\"https:\/\/muvacandalucia.es\/wp-content\/uploads\/2021\/04\/Aldarias.-Censura.-Oleo-sobre-lienzo-100x130.-2019-150x150.jpg\" class=\"attachment-thumbnail size-thumbnail\" alt=\"Aldarias. Censura. \u00d3leo sobre lienzo 100x130. 2019\" decoding=\"async\" loading=\"lazy\" aria-describedby=\"gallery-1-1694\" \/><\/a>\n\t\t\t<\/div>\n\t\t\t\t<figcaption class='wp-caption-text gallery-caption' id='gallery-1-1694'>\n\t\t\t\tAldarias. Censura. \u00d3leo sobre lienzo 100&#215;130. 2019\n\t\t\t\t<\/figcaption><\/figure><figure class='gallery-item'>\n\t\t\t<div class='gallery-icon portrait'>\n\t\t\t\t<a href='https:\/\/muvacandalucia.es\/index.php\/2021\/04\/23\/rostros-que-no-expresan-sutiles-vientos-que-rozan-los-cuerpos-de-bronce\/aldarias-pier-oleo-sobre-lienzo-50x61-2019\/'><img width=\"150\" height=\"150\" src=\"https:\/\/muvacandalucia.es\/wp-content\/uploads\/2021\/04\/Aldarias.-Pier.-Oleo-sobre-lienzo.-50x61-2019-150x150.jpg\" class=\"attachment-thumbnail size-thumbnail\" alt=\"Aldarias. Pier. \u00d3leo sobre lienzo. 50x61, 2019\" decoding=\"async\" loading=\"lazy\" aria-describedby=\"gallery-1-1695\" \/><\/a>\n\t\t\t<\/div>\n\t\t\t\t<figcaption class='wp-caption-text gallery-caption' id='gallery-1-1695'>\n\t\t\t\tAldarias. Pier. \u00d3leo sobre lienzo. 50&#215;61, 2019\n\t\t\t\t<\/figcaption><\/figure><figure class='gallery-item'>\n\t\t\t<div class='gallery-icon portrait'>\n\t\t\t\t<a href='https:\/\/muvacandalucia.es\/index.php\/2021\/04\/23\/rostros-que-no-expresan-sutiles-vientos-que-rozan-los-cuerpos-de-bronce\/aldarias-paisaje-de-interior-oleo-sobre-lienzo-50x61-cms-2019\/'><img width=\"150\" height=\"150\" src=\"https:\/\/muvacandalucia.es\/wp-content\/uploads\/2021\/04\/Aldarias.-Paisaje-de-Interior.-Oleo-sobre-lienzo.-50x61-cms-2019-150x150.jpg\" class=\"attachment-thumbnail size-thumbnail\" alt=\"Aldarias. Paisaje de Interior. \u00d3leo sobre lienzo. 50x61 cms, 2019\" decoding=\"async\" loading=\"lazy\" aria-describedby=\"gallery-1-1696\" \/><\/a>\n\t\t\t<\/div>\n\t\t\t\t<figcaption class='wp-caption-text gallery-caption' id='gallery-1-1696'>\n\t\t\t\tAldarias. Paisaje de Interior. \u00d3leo sobre lienzo. 50&#215;61 cms, 2019\n\t\t\t\t<\/figcaption><\/figure>\n\t\t<\/div>\n\n","protected":false},"excerpt":{"rendered":"<p>ENGLISH VERSION Nacido en Baeza, una peque\u00f1a ciudad del sur, en Andaluc\u00eda, Javier Aldarias comienza \u00a0sus andanzas en el mundo del arte urbano en 2009 plagando de dibujos los muros&hellip;<\/p>\n","protected":false},"author":1,"featured_media":1697,"comment_status":"open","ping_status":"open","sticky":false,"template":"","format":"standard","meta":[],"categories":[3],"tags":[300,301],"jetpack_featured_media_url":"https:\/\/muvacandalucia.es\/wp-content\/uploads\/2021\/04\/Aldarias.-Pier.-Oleo-sobre-lienzo.-50x61-2019-1.jpg","_links":{"self":[{"href":"https:\/\/muvacandalucia.es\/index.php\/wp-json\/wp\/v2\/posts\/1693"}],"collection":[{"href":"https:\/\/muvacandalucia.es\/index.php\/wp-json\/wp\/v2\/posts"}],"about":[{"href":"https:\/\/muvacandalucia.es\/index.php\/wp-json\/wp\/v2\/types\/post"}],"author":[{"embeddable":true,"href":"https:\/\/muvacandalucia.es\/index.php\/wp-json\/wp\/v2\/users\/1"}],"replies":[{"embeddable":true,"href":"https:\/\/muvacandalucia.es\/index.php\/wp-json\/wp\/v2\/comments?post=1693"}],"version-history":[{"count":6,"href":"https:\/\/muvacandalucia.es\/index.php\/wp-json\/wp\/v2\/posts\/1693\/revisions"}],"predecessor-version":[{"id":1715,"href":"https:\/\/muvacandalucia.es\/index.php\/wp-json\/wp\/v2\/posts\/1693\/revisions\/1715"}],"wp:featuredmedia":[{"embeddable":true,"href":"https:\/\/muvacandalucia.es\/index.php\/wp-json\/wp\/v2\/media\/1697"}],"wp:attachment":[{"href":"https:\/\/muvacandalucia.es\/index.php\/wp-json\/wp\/v2\/media?parent=1693"}],"wp:term":[{"taxonomy":"category","embeddable":true,"href":"https:\/\/muvacandalucia.es\/index.php\/wp-json\/wp\/v2\/categories?post=1693"},{"taxonomy":"post_tag","embeddable":true,"href":"https:\/\/muvacandalucia.es\/index.php\/wp-json\/wp\/v2\/tags?post=1693"}],"curies":[{"name":"wp","href":"https:\/\/api.w.org\/{rel}","templated":true}]}}