{"id":1600,"date":"2021-04-15T08:18:41","date_gmt":"2021-04-15T08:18:41","guid":{"rendered":"https:\/\/muvaclinares.es\/?p=1600"},"modified":"2021-04-20T18:40:09","modified_gmt":"2021-04-20T18:40:09","slug":"teresa-sarto-y-el-mito-de-platon","status":"publish","type":"post","link":"https:\/\/muvacandalucia.es\/index.php\/2021\/04\/15\/teresa-sarto-y-el-mito-de-platon\/","title":{"rendered":"Teresa Sarto y el Mito de Plat\u00f3n. Las matrices digitales."},"content":{"rendered":"<figure id=\"attachment_1607\" aria-describedby=\"caption-attachment-1607\" style=\"width: 440px\" class=\"wp-caption aligncenter\"><img decoding=\"async\" loading=\"lazy\" class=\"wp-image-1607 size-large\" src=\"https:\/\/muvacandalucia.es\/wp-content\/uploads\/2021\/04\/7.SOBRE-EL-MITO-DE-PLAT\u2021N.146X146.-1009x1024.jpg\" alt=\"07.SOBRE EL MITO DE PLAT\u00d3N.146X146 cm.\" width=\"440\" height=\"447\" srcset=\"https:\/\/muvacandalucia.es\/wp-content\/uploads\/2021\/04\/7.SOBRE-EL-MITO-DE-PLAT\u2021N.146X146.-1009x1024.jpg 1009w, https:\/\/muvacandalucia.es\/wp-content\/uploads\/2021\/04\/7.SOBRE-EL-MITO-DE-PLAT\u2021N.146X146.-296x300.jpg 296w, https:\/\/muvacandalucia.es\/wp-content\/uploads\/2021\/04\/7.SOBRE-EL-MITO-DE-PLAT\u2021N.146X146.-768x779.jpg 768w, https:\/\/muvacandalucia.es\/wp-content\/uploads\/2021\/04\/7.SOBRE-EL-MITO-DE-PLAT\u2021N.146X146.-1514x1536.jpg 1514w, https:\/\/muvacandalucia.es\/wp-content\/uploads\/2021\/04\/7.SOBRE-EL-MITO-DE-PLAT\u2021N.146X146.-2018x2048.jpg 2018w\" sizes=\"(max-width: 440px) 100vw, 440px\" \/><figcaption id=\"caption-attachment-1607\" class=\"wp-caption-text\">07.SOBRE EL MITO DE PLAT\u00d3N.146X146 cm.<\/figcaption><\/figure>\n<p style=\"text-align: justify\"><span style=\"color: #808080\">A partir de 2006 Teresa comienza un nuevo camino de investigaci\u00f3n en el que rompe frontalmente con la l\u00ednea pict\u00f3rica que llevaba trazando hasta el momento. Durante m\u00e1s de dos a\u00f1os se sumerge en la b\u00fasqueda de la &#8220;antimateria&#8221; y lo hace a trav\u00e9s de trabajos sobre matrices digitales, en unos complejos procesos pict\u00f3ricos en los que su gama crom\u00e1tica, sus texturas y la materia que tanto la caracterizaba se restringen de forma voluntaria, oblig\u00e1ndose a si misma a la experimentaci\u00f3n desde posiciones no exploradas con anterioridad.<\/span><\/p>\n<p style=\"text-align: justify\"><span style=\"color: #808080\">De esta b\u00fasqueda nace la serie <em>Mito plat\u00f3nico y arte contempor\u00e1neo sobre matices digitales,<\/em> que culmina en 2008 con una gran exposici\u00f3n en el <em>Palacio de los Serrano<\/em> en \u00c1vila. Las obras que componen esta serie est\u00e1n trabajadas en acr\u00edlicos y pigmentos en suspensi\u00f3n resinosa sobre una matriz digital en lona y se dividen en diferentes formatos entre los que vemos: obras verticales que se llenan de postes, columnas, \u00e1rboles o tallos; las obras horizontales que presentan ramas enredadas en materias naturales y las obras en formato cuadrado que combinan elementos naturales con materiales tecnol\u00f3gicos.<\/span><\/p>\n<p style=\"text-align: justify\"><span style=\"color: #808080\">Trabaja esta serie apoyada en el <em>Mito de la Caverna <\/em>de Plat\u00f3n (427-343 a.C.), en el que los seres que habitan la caverna para siempre perciben las formas desde la perspectiva que ofrecen las sombras generadas por las antorchas que iluminan la cueva y no tienen\u00a0posibilidad alguna de visualizar el aspecto formal que les confiere a los objetos la luz del d\u00eda. Es aqu\u00ed cuando Teresa nos descubre su prop\u00f3sito, escondido entre \u00f3xidos y cadmios se abre un nuevo camino de investigaci\u00f3n e interpretaci\u00f3n trabajado a trav\u00e9s de veladuras sobre una base digital que va marcando la pauta a seguir y que la llevar\u00e1n al que probablemente fue el trabajo m\u00e1s relevante de su trayectoria. Ahora la naturaleza resurge desde la sombra, como esas formas que libres se asomaban en la caverna de Plat\u00f3n, y ser\u00e1 la artista la encargada de decidir como desvelar sus formas.<\/span><\/p>\n<p style=\"text-align: right\"><span style=\"color: #808080\">Esther Mart\u00ednez<\/span><\/p>\n<p>-Fuente para toda la galer\u00eda: galer\u00eda fotogr\u00e1fica de la artista cedida por Eusebio San Blanco.<\/p>\n<div id='gallery-1' class='gallery galleryid-1600 gallery-columns-3 gallery-size-thumbnail'><figure class='gallery-item'>\n\t\t\t<div class='gallery-icon portrait'>\n\t\t\t\t<a href='https:\/\/muvacandalucia.es\/index.php\/2021\/04\/15\/teresa-sarto-y-el-mito-de-platon\/1-sobre-el-mito-de-plat%e2%80%a1n-146x146\/'><img width=\"150\" height=\"150\" src=\"https:\/\/muvacandalucia.es\/wp-content\/uploads\/2021\/04\/1.SOBRE-EL-MITO-DE-PLAT\u2021N.146X146-150x150.jpg\" class=\"attachment-thumbnail size-thumbnail\" alt=\"1.SOBRE EL MITO DE PLAT\u00d3N.146X146\" decoding=\"async\" loading=\"lazy\" aria-describedby=\"gallery-1-1601\" \/><\/a>\n\t\t\t<\/div>\n\t\t\t\t<figcaption class='wp-caption-text gallery-caption' id='gallery-1-1601'>\n\t\t\t\t1.SOBRE EL MITO DE PLAT\u00d3N.146X146\n\t\t\t\t<\/figcaption><\/figure><figure class='gallery-item'>\n\t\t\t<div class='gallery-icon landscape'>\n\t\t\t\t<a href='https:\/\/muvacandalucia.es\/index.php\/2021\/04\/15\/teresa-sarto-y-el-mito-de-platon\/2-sobre-el-mito-de-plat%e2%80%a1n-146x146\/'><img width=\"150\" height=\"150\" src=\"https:\/\/muvacandalucia.es\/wp-content\/uploads\/2021\/04\/2.SOBRE-EL-MITO-DE-PLAT\u2021N.146X146-150x150.jpg\" class=\"attachment-thumbnail size-thumbnail\" alt=\"2.SOBRE EL MITO DE PLAT\u00d3N.146X146\" decoding=\"async\" loading=\"lazy\" aria-describedby=\"gallery-1-1602\" srcset=\"https:\/\/muvacandalucia.es\/wp-content\/uploads\/2021\/04\/2.SOBRE-EL-MITO-DE-PLAT\u2021N.146X146-150x150.jpg 150w, https:\/\/muvacandalucia.es\/wp-content\/uploads\/2021\/04\/2.SOBRE-EL-MITO-DE-PLAT\u2021N.146X146-300x298.jpg 300w, https:\/\/muvacandalucia.es\/wp-content\/uploads\/2021\/04\/2.SOBRE-EL-MITO-DE-PLAT\u2021N.146X146-1024x1019.jpg 1024w, https:\/\/muvacandalucia.es\/wp-content\/uploads\/2021\/04\/2.SOBRE-EL-MITO-DE-PLAT\u2021N.146X146-768x764.jpg 768w, https:\/\/muvacandalucia.es\/wp-content\/uploads\/2021\/04\/2.SOBRE-EL-MITO-DE-PLAT\u2021N.146X146-1536x1528.jpg 1536w, https:\/\/muvacandalucia.es\/wp-content\/uploads\/2021\/04\/2.SOBRE-EL-MITO-DE-PLAT\u2021N.146X146-2048x2037.jpg 2048w\" sizes=\"(max-width: 150px) 100vw, 150px\" \/><\/a>\n\t\t\t<\/div>\n\t\t\t\t<figcaption class='wp-caption-text gallery-caption' id='gallery-1-1602'>\n\t\t\t\t2.SOBRE EL MITO DE PLAT\u00d3N.146X146\n\t\t\t\t<\/figcaption><\/figure><figure class='gallery-item'>\n\t\t\t<div class='gallery-icon landscape'>\n\t\t\t\t<a href='https:\/\/muvacandalucia.es\/index.php\/2021\/04\/15\/teresa-sarto-y-el-mito-de-platon\/3-sobre-el-mito-de-plat%e2%80%a1n-146x146\/'><img width=\"150\" height=\"150\" src=\"https:\/\/muvacandalucia.es\/wp-content\/uploads\/2021\/04\/3.SOBRE-EL-MITO-DE-PLAT\u2021N.146X146-150x150.jpg\" class=\"attachment-thumbnail size-thumbnail\" alt=\"3.SOBRE EL MITO DE PLAT\u00d3N.146X146\" decoding=\"async\" loading=\"lazy\" aria-describedby=\"gallery-1-1603\" srcset=\"https:\/\/muvacandalucia.es\/wp-content\/uploads\/2021\/04\/3.SOBRE-EL-MITO-DE-PLAT\u2021N.146X146-150x150.jpg 150w, https:\/\/muvacandalucia.es\/wp-content\/uploads\/2021\/04\/3.SOBRE-EL-MITO-DE-PLAT\u2021N.146X146-300x300.jpg 300w, https:\/\/muvacandalucia.es\/wp-content\/uploads\/2021\/04\/3.SOBRE-EL-MITO-DE-PLAT\u2021N.146X146-1024x1020.jpg 1024w, https:\/\/muvacandalucia.es\/wp-content\/uploads\/2021\/04\/3.SOBRE-EL-MITO-DE-PLAT\u2021N.146X146-768x765.jpg 768w, https:\/\/muvacandalucia.es\/wp-content\/uploads\/2021\/04\/3.SOBRE-EL-MITO-DE-PLAT\u2021N.146X146-1536x1530.jpg 1536w, https:\/\/muvacandalucia.es\/wp-content\/uploads\/2021\/04\/3.SOBRE-EL-MITO-DE-PLAT\u2021N.146X146-2048x2040.jpg 2048w\" sizes=\"(max-width: 150px) 100vw, 150px\" \/><\/a>\n\t\t\t<\/div>\n\t\t\t\t<figcaption class='wp-caption-text gallery-caption' id='gallery-1-1603'>\n\t\t\t\t3.SOBRE EL MITO DE PLAT\u00d3N.146X146\n\t\t\t\t<\/figcaption><\/figure><figure class='gallery-item'>\n\t\t\t<div class='gallery-icon portrait'>\n\t\t\t\t<a href='https:\/\/muvacandalucia.es\/index.php\/2021\/04\/15\/teresa-sarto-y-el-mito-de-platon\/4-sobre-el-mito-de-plat%e2%80%a1n-146x146\/'><img width=\"150\" height=\"150\" src=\"https:\/\/muvacandalucia.es\/wp-content\/uploads\/2021\/04\/4.SOBRE-EL-MITO-DE-PLAT\u2021N.146X146-150x150.jpg\" class=\"attachment-thumbnail size-thumbnail\" alt=\"4.SOBRE EL MITO DE PLAT\u00d3N.146X146\" decoding=\"async\" loading=\"lazy\" aria-describedby=\"gallery-1-1604\" srcset=\"https:\/\/muvacandalucia.es\/wp-content\/uploads\/2021\/04\/4.SOBRE-EL-MITO-DE-PLAT\u2021N.146X146-150x150.jpg 150w, https:\/\/muvacandalucia.es\/wp-content\/uploads\/2021\/04\/4.SOBRE-EL-MITO-DE-PLAT\u2021N.146X146-300x300.jpg 300w, https:\/\/muvacandalucia.es\/wp-content\/uploads\/2021\/04\/4.SOBRE-EL-MITO-DE-PLAT\u2021N.146X146-1020x1024.jpg 1020w, https:\/\/muvacandalucia.es\/wp-content\/uploads\/2021\/04\/4.SOBRE-EL-MITO-DE-PLAT\u2021N.146X146-768x771.jpg 768w, https:\/\/muvacandalucia.es\/wp-content\/uploads\/2021\/04\/4.SOBRE-EL-MITO-DE-PLAT\u2021N.146X146-1530x1536.jpg 1530w, https:\/\/muvacandalucia.es\/wp-content\/uploads\/2021\/04\/4.SOBRE-EL-MITO-DE-PLAT\u2021N.146X146-2040x2048.jpg 2040w\" sizes=\"(max-width: 150px) 100vw, 150px\" \/><\/a>\n\t\t\t<\/div>\n\t\t\t\t<figcaption class='wp-caption-text gallery-caption' id='gallery-1-1604'>\n\t\t\t\t4.SOBRE EL MITO DE PLAT\u00d3N.146X146\n\t\t\t\t<\/figcaption><\/figure><figure class='gallery-item'>\n\t\t\t<div class='gallery-icon portrait'>\n\t\t\t\t<a href='https:\/\/muvacandalucia.es\/index.php\/2021\/04\/15\/teresa-sarto-y-el-mito-de-platon\/5-sobre-el-mito-de-plat%e2%80%a1n-146x146\/'><img width=\"150\" height=\"150\" src=\"https:\/\/muvacandalucia.es\/wp-content\/uploads\/2021\/04\/5.SOBRE-EL-MITO-DE-PLAT\u2021N.146X146-150x150.jpg\" class=\"attachment-thumbnail size-thumbnail\" alt=\"05.SOBRE EL MITO DE PLAT\u00d3N.146X146 cm.\" decoding=\"async\" loading=\"lazy\" aria-describedby=\"gallery-1-1605\" srcset=\"https:\/\/muvacandalucia.es\/wp-content\/uploads\/2021\/04\/5.SOBRE-EL-MITO-DE-PLAT\u2021N.146X146-150x150.jpg 150w, https:\/\/muvacandalucia.es\/wp-content\/uploads\/2021\/04\/5.SOBRE-EL-MITO-DE-PLAT\u2021N.146X146-300x300.jpg 300w, https:\/\/muvacandalucia.es\/wp-content\/uploads\/2021\/04\/5.SOBRE-EL-MITO-DE-PLAT\u2021N.146X146-1021x1024.jpg 1021w, https:\/\/muvacandalucia.es\/wp-content\/uploads\/2021\/04\/5.SOBRE-EL-MITO-DE-PLAT\u2021N.146X146-768x770.jpg 768w, https:\/\/muvacandalucia.es\/wp-content\/uploads\/2021\/04\/5.SOBRE-EL-MITO-DE-PLAT\u2021N.146X146-1532x1536.jpg 1532w, https:\/\/muvacandalucia.es\/wp-content\/uploads\/2021\/04\/5.SOBRE-EL-MITO-DE-PLAT\u2021N.146X146-2043x2048.jpg 2043w\" sizes=\"(max-width: 150px) 100vw, 150px\" \/><\/a>\n\t\t\t<\/div>\n\t\t\t\t<figcaption class='wp-caption-text gallery-caption' id='gallery-1-1605'>\n\t\t\t\t06.SOBRE EL MITO DE PLAT\u00d3N.146X146 cm.\n\t\t\t\t<\/figcaption><\/figure><figure class='gallery-item'>\n\t\t\t<div class='gallery-icon portrait'>\n\t\t\t\t<a href='https:\/\/muvacandalucia.es\/index.php\/2021\/04\/15\/teresa-sarto-y-el-mito-de-platon\/6-sobre-el-mito-de-plat%e2%80%a1n-146x146\/'><img width=\"150\" height=\"150\" src=\"https:\/\/muvacandalucia.es\/wp-content\/uploads\/2021\/04\/6.SOBRE-EL-MITO-DE-PLAT\u2021N.146X146.-150x150.jpg\" class=\"attachment-thumbnail size-thumbnail\" alt=\"06.SOBRE EL MITO DE PLAT\u00d3N.146X146 cm.\" decoding=\"async\" loading=\"lazy\" aria-describedby=\"gallery-1-1606\" srcset=\"https:\/\/muvacandalucia.es\/wp-content\/uploads\/2021\/04\/6.SOBRE-EL-MITO-DE-PLAT\u2021N.146X146.-150x150.jpg 150w, https:\/\/muvacandalucia.es\/wp-content\/uploads\/2021\/04\/6.SOBRE-EL-MITO-DE-PLAT\u2021N.146X146.-298x300.jpg 298w, https:\/\/muvacandalucia.es\/wp-content\/uploads\/2021\/04\/6.SOBRE-EL-MITO-DE-PLAT\u2021N.146X146.-1019x1024.jpg 1019w, https:\/\/muvacandalucia.es\/wp-content\/uploads\/2021\/04\/6.SOBRE-EL-MITO-DE-PLAT\u2021N.146X146.-768x772.jpg 768w, https:\/\/muvacandalucia.es\/wp-content\/uploads\/2021\/04\/6.SOBRE-EL-MITO-DE-PLAT\u2021N.146X146.-1528x1536.jpg 1528w, https:\/\/muvacandalucia.es\/wp-content\/uploads\/2021\/04\/6.SOBRE-EL-MITO-DE-PLAT\u2021N.146X146.-2037x2048.jpg 2037w\" sizes=\"(max-width: 150px) 100vw, 150px\" \/><\/a>\n\t\t\t<\/div>\n\t\t\t\t<figcaption class='wp-caption-text gallery-caption' id='gallery-1-1606'>\n\t\t\t\t06.SOBRE EL MITO DE PLAT\u00d3N.146X146 cm.\n\t\t\t\t<\/figcaption><\/figure><figure class='gallery-item'>\n\t\t\t<div class='gallery-icon portrait'>\n\t\t\t\t<a href='https:\/\/muvacandalucia.es\/index.php\/2021\/04\/15\/teresa-sarto-y-el-mito-de-platon\/7-sobre-el-mito-de-plat%e2%80%a1n-146x146\/'><img width=\"150\" height=\"150\" src=\"https:\/\/muvacandalucia.es\/wp-content\/uploads\/2021\/04\/7.SOBRE-EL-MITO-DE-PLAT\u2021N.146X146.-150x150.jpg\" class=\"attachment-thumbnail size-thumbnail\" alt=\"07.SOBRE EL MITO DE PLAT\u00d3N.146X146 cm.\" decoding=\"async\" loading=\"lazy\" aria-describedby=\"gallery-1-1607\" \/><\/a>\n\t\t\t<\/div>\n\t\t\t\t<figcaption class='wp-caption-text gallery-caption' id='gallery-1-1607'>\n\t\t\t\t07.SOBRE EL MITO DE PLAT\u00d3N.146X146 cm.\n\t\t\t\t<\/figcaption><\/figure><figure class='gallery-item'>\n\t\t\t<div class='gallery-icon portrait'>\n\t\t\t\t<a href='https:\/\/muvacandalucia.es\/index.php\/2021\/04\/15\/teresa-sarto-y-el-mito-de-platon\/konica-minolta-digital-camera-12\/'><img width=\"150\" height=\"150\" src=\"https:\/\/muvacandalucia.es\/wp-content\/uploads\/2021\/04\/9.SOBRE-EL-MITO-DE-PLAT\u2021N.146X146.-150x150.jpg\" class=\"attachment-thumbnail size-thumbnail\" alt=\"09.SOBRE EL MITO DE PLAT\u00d3N.146X146 cm.\" decoding=\"async\" loading=\"lazy\" aria-describedby=\"gallery-1-1608\" srcset=\"https:\/\/muvacandalucia.es\/wp-content\/uploads\/2021\/04\/9.SOBRE-EL-MITO-DE-PLAT\u2021N.146X146.-150x150.jpg 150w, https:\/\/muvacandalucia.es\/wp-content\/uploads\/2021\/04\/9.SOBRE-EL-MITO-DE-PLAT\u2021N.146X146.-1015x1024.jpg 1015w, https:\/\/muvacandalucia.es\/wp-content\/uploads\/2021\/04\/9.SOBRE-EL-MITO-DE-PLAT\u2021N.146X146.-768x775.jpg 768w, https:\/\/muvacandalucia.es\/wp-content\/uploads\/2021\/04\/9.SOBRE-EL-MITO-DE-PLAT\u2021N.146X146.-1523x1536.jpg 1523w, https:\/\/muvacandalucia.es\/wp-content\/uploads\/2021\/04\/9.SOBRE-EL-MITO-DE-PLAT\u2021N.146X146.-2030x2048.jpg 2030w\" sizes=\"(max-width: 150px) 100vw, 150px\" \/><\/a>\n\t\t\t<\/div>\n\t\t\t\t<figcaption class='wp-caption-text gallery-caption' id='gallery-1-1608'>\n\t\t\t\t09.SOBRE EL MITO DE PLAT\u00d3N.146X146 cm.\n\t\t\t\t<\/figcaption><\/figure><figure class='gallery-item'>\n\t\t\t<div class='gallery-icon portrait'>\n\t\t\t\t<a href='https:\/\/muvacandalucia.es\/index.php\/2021\/04\/15\/teresa-sarto-y-el-mito-de-platon\/konica-minolta-digital-camera-13\/'><img width=\"150\" height=\"150\" src=\"https:\/\/muvacandalucia.es\/wp-content\/uploads\/2021\/04\/10.SOBRE-EL-MITO-DE-PLAT\u2021N.146X146.-150x150.jpg\" class=\"attachment-thumbnail size-thumbnail\" alt=\"10.SOBRE EL MITO DE PLAT\u00d3N.146X146 cm.\" decoding=\"async\" loading=\"lazy\" aria-describedby=\"gallery-1-1609\" \/><\/a>\n\t\t\t<\/div>\n\t\t\t\t<figcaption class='wp-caption-text gallery-caption' id='gallery-1-1609'>\n\t\t\t\t10.SOBRE EL MITO DE PLAT\u00d3N.146X146 cm.\n\t\t\t\t<\/figcaption><\/figure><figure class='gallery-item'>\n\t\t\t<div class='gallery-icon landscape'>\n\t\t\t\t<a href='https:\/\/muvacandalucia.es\/index.php\/2021\/04\/15\/teresa-sarto-y-el-mito-de-platon\/konica-minolta-digital-camera-14\/'><img width=\"150\" height=\"150\" src=\"https:\/\/muvacandalucia.es\/wp-content\/uploads\/2021\/04\/11.SOBRE-EL-MITO-DE-PLAT\u2021N.146X146.-150x150.jpg\" class=\"attachment-thumbnail size-thumbnail\" alt=\"11.SOBRE EL MITO DE PLAT\u00d3N.146X146 cm.\" decoding=\"async\" loading=\"lazy\" aria-describedby=\"gallery-1-1610\" srcset=\"https:\/\/muvacandalucia.es\/wp-content\/uploads\/2021\/04\/11.SOBRE-EL-MITO-DE-PLAT\u2021N.146X146.-150x150.jpg 150w, https:\/\/muvacandalucia.es\/wp-content\/uploads\/2021\/04\/11.SOBRE-EL-MITO-DE-PLAT\u2021N.146X146.-300x300.jpg 300w, https:\/\/muvacandalucia.es\/wp-content\/uploads\/2021\/04\/11.SOBRE-EL-MITO-DE-PLAT\u2021N.146X146.-1024x1024.jpg 1024w, https:\/\/muvacandalucia.es\/wp-content\/uploads\/2021\/04\/11.SOBRE-EL-MITO-DE-PLAT\u2021N.146X146.-768x768.jpg 768w, https:\/\/muvacandalucia.es\/wp-content\/uploads\/2021\/04\/11.SOBRE-EL-MITO-DE-PLAT\u2021N.146X146.-1536x1536.jpg 1536w, https:\/\/muvacandalucia.es\/wp-content\/uploads\/2021\/04\/11.SOBRE-EL-MITO-DE-PLAT\u2021N.146X146.-2048x2048.jpg 2048w\" sizes=\"(max-width: 150px) 100vw, 150px\" \/><\/a>\n\t\t\t<\/div>\n\t\t\t\t<figcaption class='wp-caption-text gallery-caption' id='gallery-1-1610'>\n\t\t\t\t11.SOBRE EL MITO DE PLAT\u00d3N.146X146 cm.\n\t\t\t\t<\/figcaption><\/figure><figure class='gallery-item'>\n\t\t\t<div class='gallery-icon portrait'>\n\t\t\t\t<a href='https:\/\/muvacandalucia.es\/index.php\/2021\/04\/15\/teresa-sarto-y-el-mito-de-platon\/konica-minolta-digital-camera-15\/'><img width=\"150\" height=\"150\" src=\"https:\/\/muvacandalucia.es\/wp-content\/uploads\/2021\/04\/12.SOBRE-EL-MITO-DE-PLAT\u2021N.146X146.-150x150.jpg\" class=\"attachment-thumbnail size-thumbnail\" alt=\"12.SOBRE EL MITO DE PLAT\u00d3N.146X146 cm.\" decoding=\"async\" loading=\"lazy\" aria-describedby=\"gallery-1-1611\" srcset=\"https:\/\/muvacandalucia.es\/wp-content\/uploads\/2021\/04\/12.SOBRE-EL-MITO-DE-PLAT\u2021N.146X146.-150x150.jpg 150w, https:\/\/muvacandalucia.es\/wp-content\/uploads\/2021\/04\/12.SOBRE-EL-MITO-DE-PLAT\u2021N.146X146.-300x300.jpg 300w, https:\/\/muvacandalucia.es\/wp-content\/uploads\/2021\/04\/12.SOBRE-EL-MITO-DE-PLAT\u2021N.146X146.-1021x1024.jpg 1021w, https:\/\/muvacandalucia.es\/wp-content\/uploads\/2021\/04\/12.SOBRE-EL-MITO-DE-PLAT\u2021N.146X146.-768x770.jpg 768w, https:\/\/muvacandalucia.es\/wp-content\/uploads\/2021\/04\/12.SOBRE-EL-MITO-DE-PLAT\u2021N.146X146.-1532x1536.jpg 1532w, https:\/\/muvacandalucia.es\/wp-content\/uploads\/2021\/04\/12.SOBRE-EL-MITO-DE-PLAT\u2021N.146X146.-2042x2048.jpg 2042w\" sizes=\"(max-width: 150px) 100vw, 150px\" \/><\/a>\n\t\t\t<\/div>\n\t\t\t\t<figcaption class='wp-caption-text gallery-caption' id='gallery-1-1611'>\n\t\t\t\t12.SOBRE EL MITO DE PLAT\u00d3N.146X146 cm.\n\t\t\t\t<\/figcaption><\/figure><figure class='gallery-item'>\n\t\t\t<div class='gallery-icon portrait'>\n\t\t\t\t<a href='https:\/\/muvacandalucia.es\/index.php\/2021\/04\/15\/teresa-sarto-y-el-mito-de-platon\/konica-minolta-digital-camera-16\/'><img width=\"150\" height=\"150\" src=\"https:\/\/muvacandalucia.es\/wp-content\/uploads\/2021\/04\/15.SOBRE-EL-MITO-DE-PLAT\u2021N.146X146-150x150.jpg\" class=\"attachment-thumbnail size-thumbnail\" alt=\"15.SOBRE EL MITO DE PLAT\u00d3N.146X146 cm.\" decoding=\"async\" loading=\"lazy\" aria-describedby=\"gallery-1-1612\" \/><\/a>\n\t\t\t<\/div>\n\t\t\t\t<figcaption class='wp-caption-text gallery-caption' id='gallery-1-1612'>\n\t\t\t\t15.SOBRE EL MITO DE PLAT\u00d3N.146X146 cm.\n\t\t\t\t<\/figcaption><\/figure><figure class='gallery-item'>\n\t\t\t<div class='gallery-icon landscape'>\n\t\t\t\t<a href='https:\/\/muvacandalucia.es\/index.php\/2021\/04\/15\/teresa-sarto-y-el-mito-de-platon\/konica-minolta-digital-camera-17\/'><img width=\"150\" height=\"150\" src=\"https:\/\/muvacandalucia.es\/wp-content\/uploads\/2021\/04\/16.SOBRE-EL-MITO-DE-PLAT\u2021N.146X146-150x150.jpg\" class=\"attachment-thumbnail size-thumbnail\" alt=\"16.SOBRE EL MITO DE PLAT\u00d3N.146X146 cm.\" decoding=\"async\" loading=\"lazy\" aria-describedby=\"gallery-1-1613\" \/><\/a>\n\t\t\t<\/div>\n\t\t\t\t<figcaption class='wp-caption-text gallery-caption' id='gallery-1-1613'>\n\t\t\t\t16.SOBRE EL MITO DE PLAT\u00d3N.146X146 cm.\n\t\t\t\t<\/figcaption><\/figure><figure class='gallery-item'>\n\t\t\t<div class='gallery-icon portrait'>\n\t\t\t\t<a href='https:\/\/muvacandalucia.es\/index.php\/2021\/04\/15\/teresa-sarto-y-el-mito-de-platon\/konica-minolta-digital-camera-18\/'><img width=\"150\" height=\"150\" src=\"https:\/\/muvacandalucia.es\/wp-content\/uploads\/2021\/04\/19.SOBRE-EL-MITO-DE-PLAT\u2021N.146X146.-150x150.jpg\" class=\"attachment-thumbnail size-thumbnail\" alt=\"19.SOBRE EL MITO DE PLAT\u00d3N\" decoding=\"async\" loading=\"lazy\" aria-describedby=\"gallery-1-1614\" \/><\/a>\n\t\t\t<\/div>\n\t\t\t\t<figcaption class='wp-caption-text gallery-caption' id='gallery-1-1614'>\n\t\t\t\t19.SOBRE EL MITO DE PLAT\u00d3N\n\t\t\t\t<\/figcaption><\/figure><figure class='gallery-item'>\n\t\t\t<div class='gallery-icon landscape'>\n\t\t\t\t<a href='https:\/\/muvacandalucia.es\/index.php\/2021\/04\/15\/teresa-sarto-y-el-mito-de-platon\/konica-minolta-digital-camera-19\/'><img width=\"150\" height=\"150\" src=\"https:\/\/muvacandalucia.es\/wp-content\/uploads\/2021\/04\/20.SOBRE-EL-MITO-DE-PLAT\u2021N.146X146-150x150.jpg\" class=\"attachment-thumbnail size-thumbnail\" alt=\"20.SOBRE EL MITO DE PLAT\u00d3N\" decoding=\"async\" loading=\"lazy\" aria-describedby=\"gallery-1-1615\" \/><\/a>\n\t\t\t<\/div>\n\t\t\t\t<figcaption class='wp-caption-text gallery-caption' id='gallery-1-1615'>\n\t\t\t\t20.SOBRE EL MITO DE PLAT\u00d3N\n\t\t\t\t<\/figcaption><\/figure><figure class='gallery-item'>\n\t\t\t<div class='gallery-icon landscape'>\n\t\t\t\t<a href='https:\/\/muvacandalucia.es\/index.php\/2021\/04\/15\/teresa-sarto-y-el-mito-de-platon\/konica-minolta-digital-camera-20\/'><img width=\"150\" height=\"150\" src=\"https:\/\/muvacandalucia.es\/wp-content\/uploads\/2021\/04\/29.SOBRE-EL-MITO-DE-PLAT\u2021N.146X146-150x150.jpg\" class=\"attachment-thumbnail size-thumbnail\" alt=\"29.SOBRE EL MITO DE PLAT\u00d3N\" decoding=\"async\" loading=\"lazy\" aria-describedby=\"gallery-1-1616\" \/><\/a>\n\t\t\t<\/div>\n\t\t\t\t<figcaption class='wp-caption-text gallery-caption' id='gallery-1-1616'>\n\t\t\t\t29.SOBRE EL MITO DE PLAT\u00d3N\n\t\t\t\t<\/figcaption><\/figure><figure class='gallery-item'>\n\t\t\t<div class='gallery-icon portrait'>\n\t\t\t\t<a href='https:\/\/muvacandalucia.es\/index.php\/2021\/04\/15\/teresa-sarto-y-el-mito-de-platon\/30-sobre-el-mito-de-plat%e2%80%a1n-146x146\/'><img width=\"150\" height=\"150\" src=\"https:\/\/muvacandalucia.es\/wp-content\/uploads\/2021\/04\/30.SOBRE-EL-MITO-DE-PLAT\u2021N.146X146-150x150.jpg\" class=\"attachment-thumbnail size-thumbnail\" alt=\"\" decoding=\"async\" loading=\"lazy\" \/><\/a>\n\t\t\t<\/div><\/figure><figure class='gallery-item'>\n\t\t\t<div class='gallery-icon portrait'>\n\t\t\t\t<a href='https:\/\/muvacandalucia.es\/index.php\/2021\/04\/15\/teresa-sarto-y-el-mito-de-platon\/31-sobre-el-mito-de-plat%e2%80%a1n\/'><img width=\"150\" height=\"150\" src=\"https:\/\/muvacandalucia.es\/wp-content\/uploads\/2021\/04\/31.SOBRE-EL-MITO-DE-PLAT\u2021N-150x150.jpg\" class=\"attachment-thumbnail size-thumbnail\" alt=\"31.SOBRE EL MITO DE PLAT\u00d3N\" decoding=\"async\" loading=\"lazy\" aria-describedby=\"gallery-1-1618\" srcset=\"https:\/\/muvacandalucia.es\/wp-content\/uploads\/2021\/04\/31.SOBRE-EL-MITO-DE-PLAT\u2021N-150x150.jpg 150w, https:\/\/muvacandalucia.es\/wp-content\/uploads\/2021\/04\/31.SOBRE-EL-MITO-DE-PLAT\u2021N-300x300.jpg 300w\" sizes=\"(max-width: 150px) 100vw, 150px\" \/><\/a>\n\t\t\t<\/div>\n\t\t\t\t<figcaption class='wp-caption-text gallery-caption' id='gallery-1-1618'>\n\t\t\t\t31.SOBRE EL MITO DE PLAT\u00d3N\n\t\t\t\t<\/figcaption><\/figure><figure class='gallery-item'>\n\t\t\t<div class='gallery-icon portrait'>\n\t\t\t\t<a href='https:\/\/muvacandalucia.es\/index.php\/2021\/04\/15\/teresa-sarto-y-el-mito-de-platon\/konica-minolta-digital-camera-21\/'><img width=\"150\" height=\"150\" src=\"https:\/\/muvacandalucia.es\/wp-content\/uploads\/2021\/04\/32.SOBRE-EL-MITO-DE-PLAT\u2021N.146X146-150x150.jpg\" class=\"attachment-thumbnail size-thumbnail\" alt=\"32.SOBRE EL MITO DE PLAT\u00d3N\" decoding=\"async\" loading=\"lazy\" aria-describedby=\"gallery-1-1619\" \/><\/a>\n\t\t\t<\/div>\n\t\t\t\t<figcaption class='wp-caption-text gallery-caption' id='gallery-1-1619'>\n\t\t\t\t32.SOBRE EL MITO DE PLAT\u00d3N\n\t\t\t\t<\/figcaption><\/figure><figure class='gallery-item'>\n\t\t\t<div class='gallery-icon portrait'>\n\t\t\t\t<a href='https:\/\/muvacandalucia.es\/index.php\/2021\/04\/15\/teresa-sarto-y-el-mito-de-platon\/konica-minolta-digital-camera-22\/'><img width=\"150\" height=\"150\" src=\"https:\/\/muvacandalucia.es\/wp-content\/uploads\/2021\/04\/33.SOBRE-EL-MITO-DE-PLAT\u2021N.146X146-150x150.jpg\" class=\"attachment-thumbnail size-thumbnail\" alt=\"33.SOBRE EL MITO DE PLAT\u00d3N\" decoding=\"async\" loading=\"lazy\" aria-describedby=\"gallery-1-1620\" \/><\/a>\n\t\t\t<\/div>\n\t\t\t\t<figcaption class='wp-caption-text gallery-caption' id='gallery-1-1620'>\n\t\t\t\t33.SOBRE EL MITO DE PLAT\u00d3N\n\t\t\t\t<\/figcaption><\/figure><figure class='gallery-item'>\n\t\t\t<div class='gallery-icon portrait'>\n\t\t\t\t<a href='https:\/\/muvacandalucia.es\/index.php\/2021\/04\/15\/teresa-sarto-y-el-mito-de-platon\/konica-minolta-digital-camera-23\/'><img width=\"150\" height=\"150\" src=\"https:\/\/muvacandalucia.es\/wp-content\/uploads\/2021\/04\/34.SOBRE-EL-MITO-DE-PLAT\u2021N.146X146-150x150.jpg\" class=\"attachment-thumbnail size-thumbnail\" alt=\"34.SOBRE EL MITO DE PLAT\u00d3N\" decoding=\"async\" loading=\"lazy\" aria-describedby=\"gallery-1-1621\" \/><\/a>\n\t\t\t<\/div>\n\t\t\t\t<figcaption class='wp-caption-text gallery-caption' id='gallery-1-1621'>\n\t\t\t\t34.SOBRE EL MITO DE PLAT\u00d3N\n\t\t\t\t<\/figcaption><\/figure><figure class='gallery-item'>\n\t\t\t<div class='gallery-icon portrait'>\n\t\t\t\t<a href='https:\/\/muvacandalucia.es\/index.php\/2021\/04\/15\/teresa-sarto-y-el-mito-de-platon\/konica-minolta-digital-camera-24\/'><img width=\"150\" height=\"150\" src=\"https:\/\/muvacandalucia.es\/wp-content\/uploads\/2021\/04\/35.SOBRE-EL-MITO-DE-PLAT\u2021N.146X146-150x150.jpg\" class=\"attachment-thumbnail size-thumbnail\" alt=\"35.SOBRE EL MITO DE PLAT\u00d3N\" decoding=\"async\" loading=\"lazy\" aria-describedby=\"gallery-1-1622\" \/><\/a>\n\t\t\t<\/div>\n\t\t\t\t<figcaption class='wp-caption-text gallery-caption' id='gallery-1-1622'>\n\t\t\t\t35.SOBRE EL MITO DE PLAT\u00d3N\n\t\t\t\t<\/figcaption><\/figure><figure class='gallery-item'>\n\t\t\t<div class='gallery-icon portrait'>\n\t\t\t\t<a href='https:\/\/muvacandalucia.es\/index.php\/2021\/04\/15\/teresa-sarto-y-el-mito-de-platon\/konica-minolta-digital-camera-25\/'><img width=\"150\" height=\"150\" src=\"https:\/\/muvacandalucia.es\/wp-content\/uploads\/2021\/04\/36.SOBRE-EL-MITO-DE-PLAT\u2021N-150x150.jpg\" class=\"attachment-thumbnail size-thumbnail\" alt=\"36.SOBRE EL MITO DE PLAT\u00d3N\" decoding=\"async\" loading=\"lazy\" aria-describedby=\"gallery-1-1623\" \/><\/a>\n\t\t\t<\/div>\n\t\t\t\t<figcaption class='wp-caption-text gallery-caption' id='gallery-1-1623'>\n\t\t\t\t36.SOBRE EL MITO DE PLAT\u00d3N\n\t\t\t\t<\/figcaption><\/figure><figure class='gallery-item'>\n\t\t\t<div class='gallery-icon portrait'>\n\t\t\t\t<a href='https:\/\/muvacandalucia.es\/index.php\/2021\/04\/15\/teresa-sarto-y-el-mito-de-platon\/konica-minolta-digital-camera-26\/'><img width=\"150\" height=\"150\" src=\"https:\/\/muvacandalucia.es\/wp-content\/uploads\/2021\/04\/37.SOBRE-EL-MITO-DE-PLAT\u2021N.146X146-150x150.jpg\" class=\"attachment-thumbnail size-thumbnail\" alt=\"37.SOBRE EL MITO DE PLAT\u00d3N\" decoding=\"async\" loading=\"lazy\" aria-describedby=\"gallery-1-1624\" \/><\/a>\n\t\t\t<\/div>\n\t\t\t\t<figcaption class='wp-caption-text gallery-caption' id='gallery-1-1624'>\n\t\t\t\t37.SOBRE EL MITO DE PLAT\u00d3N\n\t\t\t\t<\/figcaption><\/figure><figure class='gallery-item'>\n\t\t\t<div class='gallery-icon landscape'>\n\t\t\t\t<a href='https:\/\/muvacandalucia.es\/index.php\/2021\/04\/15\/teresa-sarto-y-el-mito-de-platon\/konica-minolta-digital-camera-27\/'><img width=\"150\" height=\"150\" src=\"https:\/\/muvacandalucia.es\/wp-content\/uploads\/2021\/04\/38.SOBRE-EL-MITO-DE-PLAT\u2021N-150x150.jpg\" class=\"attachment-thumbnail size-thumbnail\" alt=\"38.SOBRE EL MITO DE PLAT\u00d3N\" decoding=\"async\" loading=\"lazy\" aria-describedby=\"gallery-1-1625\" \/><\/a>\n\t\t\t<\/div>\n\t\t\t\t<figcaption class='wp-caption-text gallery-caption' id='gallery-1-1625'>\n\t\t\t\t38.SOBRE EL MITO DE PLAT\u00d3N\n\t\t\t\t<\/figcaption><\/figure><figure class='gallery-item'>\n\t\t\t<div class='gallery-icon portrait'>\n\t\t\t\t<a href='https:\/\/muvacandalucia.es\/index.php\/2021\/04\/15\/teresa-sarto-y-el-mito-de-platon\/39-sobre-el-mito-de-plat%e2%80%a1n-146x146\/'><img width=\"150\" height=\"150\" src=\"https:\/\/muvacandalucia.es\/wp-content\/uploads\/2021\/04\/39.SOBRE-EL-MITO-DE-PLAT\u2021N.146X146-150x150.jpg\" class=\"attachment-thumbnail size-thumbnail\" alt=\"39.SOBRE EL MITO DE PLAT\u00d3N.146X146\" decoding=\"async\" loading=\"lazy\" aria-describedby=\"gallery-1-1626\" \/><\/a>\n\t\t\t<\/div>\n\t\t\t\t<figcaption class='wp-caption-text gallery-caption' id='gallery-1-1626'>\n\t\t\t\t39.SOBRE EL MITO DE PLAT\u00d3N.146X146\n\t\t\t\t<\/figcaption><\/figure>\n\t\t<\/div>\n\n","protected":false},"excerpt":{"rendered":"<p>A partir de 2006 Teresa comienza un nuevo camino de investigaci\u00f3n en el que rompe frontalmente con la l\u00ednea pict\u00f3rica que llevaba trazando hasta el momento. Durante m\u00e1s de dos&hellip;<\/p>\n","protected":false},"author":2,"featured_media":1601,"comment_status":"open","ping_status":"open","sticky":false,"template":"","format":"standard","meta":[],"categories":[291],"tags":[221,218,220,24,290],"jetpack_featured_media_url":"https:\/\/muvacandalucia.es\/wp-content\/uploads\/2021\/04\/1.SOBRE-EL-MITO-DE-PLAT\u2021N.146X146-scaled.jpg","_links":{"self":[{"href":"https:\/\/muvacandalucia.es\/index.php\/wp-json\/wp\/v2\/posts\/1600"}],"collection":[{"href":"https:\/\/muvacandalucia.es\/index.php\/wp-json\/wp\/v2\/posts"}],"about":[{"href":"https:\/\/muvacandalucia.es\/index.php\/wp-json\/wp\/v2\/types\/post"}],"author":[{"embeddable":true,"href":"https:\/\/muvacandalucia.es\/index.php\/wp-json\/wp\/v2\/users\/2"}],"replies":[{"embeddable":true,"href":"https:\/\/muvacandalucia.es\/index.php\/wp-json\/wp\/v2\/comments?post=1600"}],"version-history":[{"count":13,"href":"https:\/\/muvacandalucia.es\/index.php\/wp-json\/wp\/v2\/posts\/1600\/revisions"}],"predecessor-version":[{"id":1681,"href":"https:\/\/muvacandalucia.es\/index.php\/wp-json\/wp\/v2\/posts\/1600\/revisions\/1681"}],"wp:featuredmedia":[{"embeddable":true,"href":"https:\/\/muvacandalucia.es\/index.php\/wp-json\/wp\/v2\/media\/1601"}],"wp:attachment":[{"href":"https:\/\/muvacandalucia.es\/index.php\/wp-json\/wp\/v2\/media?parent=1600"}],"wp:term":[{"taxonomy":"category","embeddable":true,"href":"https:\/\/muvacandalucia.es\/index.php\/wp-json\/wp\/v2\/categories?post=1600"},{"taxonomy":"post_tag","embeddable":true,"href":"https:\/\/muvacandalucia.es\/index.php\/wp-json\/wp\/v2\/tags?post=1600"}],"curies":[{"name":"wp","href":"https:\/\/api.w.org\/{rel}","templated":true}]}}