{"id":1531,"date":"2021-04-12T14:17:18","date_gmt":"2021-04-12T14:17:18","guid":{"rendered":"https:\/\/muvaclinares.es\/?p=1531"},"modified":"2021-04-19T16:49:08","modified_gmt":"2021-04-19T16:49:08","slug":"el-homenaje-de-muvaclinares-al-paisajista-naif-de-torredelcampo-manuel-moral","status":"publish","type":"post","link":"https:\/\/muvacandalucia.es\/index.php\/2021\/04\/12\/el-homenaje-de-muvaclinares-al-paisajista-naif-de-torredelcampo-manuel-moral\/","title":{"rendered":"El Homenaje de MuVACLinares al paisajista na\u00eff de Torredelcampo Manuel Moral"},"content":{"rendered":"<p align=\"JUSTIFY\"><span style=\"color: #808080;\">Manuel Moral (Torredelcampo, 1908-1989) trabaja de ayudante en la panader\u00eda de su padre. Sin embargo a los catorce a\u00f1os entra en un taller de carpinter\u00eda. Al mismo ritmo que su trabajo artesanal se aficiona a la m\u00fasica, llegando a ser miembro de la banda municipal de Torredelcampo, su pueblo. Tambi\u00e9n conocemos que escribi\u00f3 varias novelas cortas. Sin embargo, es a trav\u00e9s de su arte nato como carpintero de d\u00f3nde nace ese inter\u00e9s por el arte que poco a poco desembocar\u00e1 en su obra pict\u00f3rica.<\/span><\/p>\n<p align=\"JUSTIFY\"><span style=\"color: #808080;\">\u201cEl Hornerillo\u201d, como as\u00ed era llamado Manuel popularmente por los vecinos de Torredelcampo, es uno de los artistas de estilo na\u00eff m\u00e1s reconocido de la provincia de Ja\u00e9n.<\/span><\/p>\n<p align=\"JUSTIFY\"><span style=\"color: #808080;\"><img decoding=\"async\" loading=\"lazy\" class=\"alignnone size-medium wp-image-1535\" src=\"https:\/\/muvacandalucia.es\/wp-content\/uploads\/2021\/04\/Paisaje-con-ooivos-2-300x199.jpg\" alt=\"\" width=\"300\" height=\"199\" srcset=\"https:\/\/muvacandalucia.es\/wp-content\/uploads\/2021\/04\/Paisaje-con-ooivos-2-300x199.jpg 300w, https:\/\/muvacandalucia.es\/wp-content\/uploads\/2021\/04\/Paisaje-con-ooivos-2-150x100.jpg 150w, https:\/\/muvacandalucia.es\/wp-content\/uploads\/2021\/04\/Paisaje-con-ooivos-2.jpg 450w\" sizes=\"(max-width: 300px) 100vw, 300px\" \/><\/span><\/p>\n<p align=\"JUSTIFY\"><span style=\"color: #808080;\">La Naturaleza de Manuel Moral es el campo andaluz, y su protagonista fundamental es nada m\u00e1s y nada menos que el rey del campo jiennense, el olivo. \u00c9l mismo afirmaba que pintaba nuestra vida y yo pregunto: \u00bfqu\u00e9 hay m\u00e1s nuestro que el olivo? Reflejaba lo que se percibe con los ojos y lo que sentimos necesidad de contener dentro de un cuadro, que se queda grabado para siempre.<\/span><\/p>\n<p align=\"JUSTIFY\"><span style=\"color: #808080;\">Moral divide su vida en cuatro fragmentos que refleja con su pincelada: la familia como ventana del cielo, la pintura como emoci\u00f3n y crujido, Andaluc\u00eda como una pasi\u00f3n y la vida como un campo de sensibilidades.<\/span><\/p>\n<p align=\"JUSTIFY\"><span style=\"color: #808080;\">Su pintura es muy tranquila y ordenada, silenciosa y natural, con espacios bien delimitados, con cada cosa en su sitio y con sus perfiles bien trazados. Los seres en estos paisajes est\u00e1n distantes, son min\u00fasculos llegando incluso a ser un elemento m\u00e1s de la naturaleza. Pero es un paisaje id\u00edlico, nos muestra como debe ser. Por tanto, es una aspiraci\u00f3n a la perfecci\u00f3n, de ah\u00ed su preocupaci\u00f3n por la calma del paisaje.<\/span><\/p>\n<p align=\"JUSTIFY\"><span style=\"color: #808080;\">A lo largo de su vida har\u00e1 muchas exposiciones y ser\u00e1 recompensado con premios como la \u201cAceituna de Oro\u201d de la ciudad de Ja\u00e9n, o el t\u00edtulo de \u201cHijo Predilecto\u201d de Torredelcampo.<\/span><\/p>\n<p align=\"JUSTIFY\"><span style=\"color: #808080;\">Muchas de sus obras est\u00e1n expuestas en el Museo Internacional de Arte Na\u00eff de Ja\u00e9n, creado gracias precisamente a la donaci\u00f3n de sus obras. Otras se encuentran en una galer\u00eda en su pueblo natal, Torredelcampo.<\/span><\/p>\n<p align=\"JUSTIFY\"><span style=\"color: #808080;\">Su esp\u00edritu sigue en el recuerdo de todos los torrecampe\u00f1os y jiennenses, y su obra s\u00edmbolo de nuestra cultura.<\/span><\/p>\n<p align=\"JUSTIFY\"><span style=\"color: #808080;\">\u201c<i>Moral, esa poes\u00eda pl\u00e1stica del olivar-olivar, verde olivar- que busca siempre pinceladas de serenidad\u2026que acaso sea la b\u00fasqueda de la serenidad espiritual. donde la paz es paz\u2026 <\/i><i>Paisaje andaluz el tuyo, Moral, testigo mudo de muchas generaciones. Moral, modula ese pincel y sigue d\u00e1ndonos, permanentemente, una lecci\u00f3n de pintura<\/i>\u201d. ( Dedicado a Manuel Moral. Juan de la Cruz Guit\u00e9rrez)<\/span><\/p>\n<div id='gallery-1' class='gallery galleryid-1531 gallery-columns-3 gallery-size-thumbnail'><figure class='gallery-item'>\n\t\t\t<div class='gallery-icon landscape'>\n\t\t\t\t<a href='https:\/\/muvacandalucia.es\/index.php\/2021\/04\/12\/el-homenaje-de-muvaclinares-al-paisajista-naif-de-torredelcampo-manuel-moral\/paisaje-con-ooivos-2\/'><img width=\"150\" height=\"150\" src=\"https:\/\/muvacandalucia.es\/wp-content\/uploads\/2021\/04\/Paisaje-con-ooivos-2-150x150.jpg\" class=\"attachment-thumbnail size-thumbnail\" alt=\"\" decoding=\"async\" loading=\"lazy\" \/><\/a>\n\t\t\t<\/div><\/figure><figure class='gallery-item'>\n\t\t\t<div class='gallery-icon landscape'>\n\t\t\t\t<a href='https:\/\/muvacandalucia.es\/index.php\/2021\/04\/12\/el-homenaje-de-muvaclinares-al-paisajista-naif-de-torredelcampo-manuel-moral\/paisaje-con-olivos-1\/'><img width=\"150\" height=\"150\" src=\"https:\/\/muvacandalucia.es\/wp-content\/uploads\/2021\/04\/paisaje-con-olivos-1-150x150.jpg\" class=\"attachment-thumbnail size-thumbnail\" alt=\"\" decoding=\"async\" loading=\"lazy\" \/><\/a>\n\t\t\t<\/div><\/figure><figure class='gallery-item'>\n\t\t\t<div class='gallery-icon landscape'>\n\t\t\t\t<a href='https:\/\/muvacandalucia.es\/index.php\/2021\/04\/12\/el-homenaje-de-muvaclinares-al-paisajista-naif-de-torredelcampo-manuel-moral\/corrida-de-toros\/'><img width=\"150\" height=\"150\" src=\"https:\/\/muvacandalucia.es\/wp-content\/uploads\/2021\/04\/Corrida-de-Toros-150x150.jpg\" class=\"attachment-thumbnail size-thumbnail\" alt=\"\" decoding=\"async\" loading=\"lazy\" \/><\/a>\n\t\t\t<\/div><\/figure><figure class='gallery-item'>\n\t\t\t<div class='gallery-icon landscape'>\n\t\t\t\t<a href='https:\/\/muvacandalucia.es\/index.php\/2021\/04\/12\/el-homenaje-de-muvaclinares-al-paisajista-naif-de-torredelcampo-manuel-moral\/angel-de-la-guarda-o-s-l-50x68-1984\/'><img width=\"150\" height=\"150\" src=\"https:\/\/muvacandalucia.es\/wp-content\/uploads\/2021\/04\/Angel-de-la-Guarda-o-s-l-50x68-1984-150x150.jpg\" class=\"attachment-thumbnail size-thumbnail\" alt=\"\" decoding=\"async\" loading=\"lazy\" \/><\/a>\n\t\t\t<\/div><\/figure>\n\t\t<\/div>\n\n<p align=\"JUSTIFY\"><span style=\"color: #808080;\">Bibliograf\u00eda:<\/span><\/p>\n<ul>\n<li>\n<p align=\"JUSTIFY\"><span style=\"color: #808080;\"><span style=\"font-size: medium;\">ALMANSA MORENO, JOS\u00c9 MANUEL; MART\u00cdN R\u00d3BLES\u00a0 , J. M. (2016). <\/span><span style=\"font-size: medium;\"><i>50 a\u00f1os de artes pl\u00e1sticas en Ja\u00e9n. Creaci\u00f3n, medios y espacios (1960-2010)<\/i><\/span><span style=\"font-size: medium;\">. Ja\u00e9n: Instituto de Estudios Giennneses.<\/span><\/span><\/p>\n<\/li>\n<\/ul>\n<ul>\n<li>\n<p align=\"JUSTIFY\"><span style=\"color: #808080;\">MORALES OCA\u00d1A, Rosa Mar\u00eda, coord. <i>Exposici\u00f3n 30 aniversario Manuel Mora. En el Recuerdo<\/i>. Ed.: Diputaci\u00f3n Provincial de Ja\u00e9n. 2019.<\/span><\/p>\n<\/li>\n<li>\n<p align=\"JUSTIFY\"><span style=\"color: #808080;\"><i>Manuel Moral. El Olivo y el arte Na\u00eff.<\/i> Ed.: Diputaci\u00f3n Provincial de Ja\u00e9n. 2001.<\/span><\/p>\n<\/li>\n<li>\n<p align=\"JUSTIFY\"><span style=\"color: #808080;\">RAM\u00cdREZ DE LUCAS, JUAN; DE LA CRUZ GUTI\u00c9RREZ, JUAN.<i> Manuel Moral. Retrato en dos tiempos: El Hombre.<\/i> La Obra. 1979.<\/span><\/p>\n<\/li>\n<\/ul>\n","protected":false},"excerpt":{"rendered":"<p>Manuel Moral (Torredelcampo, 1908-1989) trabaja de ayudante en la panader\u00eda de su padre. Sin embargo a los catorce a\u00f1os entra en un taller de carpinter\u00eda. Al mismo ritmo que su&hellip;<\/p>\n","protected":false},"author":4,"featured_media":1532,"comment_status":"open","ping_status":"open","sticky":false,"template":"","format":"standard","meta":[],"categories":[9,3],"tags":[23,297,296,115],"jetpack_featured_media_url":"https:\/\/muvacandalucia.es\/wp-content\/uploads\/2021\/04\/Angel-de-la-Guarda-o-s-l-50x68-1984.jpg","_links":{"self":[{"href":"https:\/\/muvacandalucia.es\/index.php\/wp-json\/wp\/v2\/posts\/1531"}],"collection":[{"href":"https:\/\/muvacandalucia.es\/index.php\/wp-json\/wp\/v2\/posts"}],"about":[{"href":"https:\/\/muvacandalucia.es\/index.php\/wp-json\/wp\/v2\/types\/post"}],"author":[{"embeddable":true,"href":"https:\/\/muvacandalucia.es\/index.php\/wp-json\/wp\/v2\/users\/4"}],"replies":[{"embeddable":true,"href":"https:\/\/muvacandalucia.es\/index.php\/wp-json\/wp\/v2\/comments?post=1531"}],"version-history":[{"count":2,"href":"https:\/\/muvacandalucia.es\/index.php\/wp-json\/wp\/v2\/posts\/1531\/revisions"}],"predecessor-version":[{"id":1667,"href":"https:\/\/muvacandalucia.es\/index.php\/wp-json\/wp\/v2\/posts\/1531\/revisions\/1667"}],"wp:featuredmedia":[{"embeddable":true,"href":"https:\/\/muvacandalucia.es\/index.php\/wp-json\/wp\/v2\/media\/1532"}],"wp:attachment":[{"href":"https:\/\/muvacandalucia.es\/index.php\/wp-json\/wp\/v2\/media?parent=1531"}],"wp:term":[{"taxonomy":"category","embeddable":true,"href":"https:\/\/muvacandalucia.es\/index.php\/wp-json\/wp\/v2\/categories?post=1531"},{"taxonomy":"post_tag","embeddable":true,"href":"https:\/\/muvacandalucia.es\/index.php\/wp-json\/wp\/v2\/tags?post=1531"}],"curies":[{"name":"wp","href":"https:\/\/api.w.org\/{rel}","templated":true}]}}