{"id":1528,"date":"2021-04-12T13:51:04","date_gmt":"2021-04-12T13:51:04","guid":{"rendered":"https:\/\/muvaclinares.es\/?p=1528"},"modified":"2021-04-12T14:32:52","modified_gmt":"2021-04-12T14:32:52","slug":"la-alhambra-celebra-el-ciento-cincuenta-aniversario-de-su-declaracion-como-monumento-nacional","status":"publish","type":"post","link":"https:\/\/muvacandalucia.es\/index.php\/2021\/04\/12\/la-alhambra-celebra-el-ciento-cincuenta-aniversario-de-su-declaracion-como-monumento-nacional\/","title":{"rendered":"La Alhambra celebra el ciento cincuenta aniversario de su declaraci\u00f3n como Monumento Nacional"},"content":{"rendered":"<p align=\"JUSTIFY\"><span style=\"font-family: Cambria, serif;\"><img decoding=\"async\" loading=\"lazy\" class=\"alignnone size-full wp-image-1529\" src=\"https:\/\/muvacandalucia.es\/wp-content\/uploads\/2021\/04\/alhambra.jpg\" alt=\"\" width=\"300\" height=\"168\" \/>Entre 1829 y 1862 la mirada de los viajeros rom\u00e1nticos sobre la Alhambra de Granada viraba entre la admiraci\u00f3n y la ruina. La declaraci\u00f3n en 1870 de la Alhambra como Monumento Nacional la convierte en bien p\u00fablico, comienza a regularse de manera ordenada la visita p\u00fablica y se crean el museo y la biblioteca. Entre 1890 y 1923 el inter\u00e9s por la conservaci\u00f3n del monumento conduce a reforzar la protecci\u00f3n, a blindarlo con nuevas figuras administrativas y jur\u00eddicas, a incorporar el Generalife y a crear un patronato con singularidad propia que gobierne a partir de ese momento la totalidad del conjunto. La segunda y tercera d\u00e9cada del pasado siglo fueron decisivas en la aplicaci\u00f3n de una restauraci\u00f3n cient\u00edfica que inaugura don Leopoldo Torres Balb\u00e1s, padre de la Alhambra moderna, y que contin\u00faa su disc\u00edpulo Francisco Prieto Moreno. En 1984 la Unesco declar\u00f3 el conjunto monumental de la Alhambra y el Generalife Patrimonio Mundial por sus valores arquitect\u00f3nicos y urbanos excepcionales. <\/span><\/p>\n<p align=\"JUSTIFY\"><span style=\"font-family: Cambria, serif;\">Hay muchos motivos para conmemorar el ciento cincuenta aniversario de la declaraci\u00f3n de la Alhambra como Monumento Nacional. La Corona espa\u00f1ola, a la que hab\u00eda pertenecido la Alhambra desde su entrada en enero de 1492, traspas\u00f3 la propiedad del monumento al Estado. Aquel proceso fue tan excepcional como el propio bien. Seg\u00fan recuerdan los historiadores, la Alhambra cumpl\u00eda dos condiciones in\u00e9ditas que obligaron a las instituciones a un complicado rompecabezas burocr\u00e1tico y legislativo. De un lado, la Alhambra abarcaba un extenso patrimonio que superaba con creces los palacios e integraba un territorio de fincas agr\u00edcolas, jardines y numerosos inmuebles hist\u00f3ricos. Por otro lado, era una propiedad laica, la primera en ser declarada Monumento Nacional. En aquel momento, la Alhambra se convirti\u00f3 en el modelo donde se miraron poco tiempo despu\u00e9s los otros bienes patrimoniales que aspiraban a similar modelo de protecci\u00f3n. Ser declarada Monumento Nacional significaba, por lo pronto, que el Estado asum\u00eda su tutela, gobierno, conservaci\u00f3n y promoci\u00f3n, y que por tanto estaba obligado a destinar partidas presupuestarias para asumir esas nuevas responsabilidades. El paso de los a\u00f1os demostr\u00f3 algo m\u00e1s: La Alhambra se hab\u00eda convertido en un excepcional artefacto cultural y tur\u00edstico que con el tiempo se alzar\u00eda en emblema internacional. Hoy la Alhambra es un ejemplo de conservaci\u00f3n preventiva. Se anticipa a los problemas, tiene un plan director, una hoja de ruta que garantiza su preservaci\u00f3n para las generaciones venideras. <\/span><\/p>\n<p align=\"JUSTIFY\"><span style=\"font-family: Cambria, serif;\">En palabras de Roc\u00edo D\u00edaz, directora general del Patronato de la Alhambra y Generalife, aquella declaraci\u00f3n \u201cconvirti\u00f3 el conjunto monumental en una referencia mundial no solo por ser legado art\u00edstico e hist\u00f3rico \u00fanico, sino por haberse convertido en un ejemplo de gesti\u00f3n patrimonial\u201d. La apertura de un canal digital, alojado en la propia web del Patronato, permitir\u00e1 conocer la importancia de esta declaraci\u00f3n, la historia, los cambios y los valores art\u00edsticos y patrimoniales del monumento. \u201cEs un canal que nace con vocaci\u00f3n de continuidad \u2014asegura Roc\u00edo D\u00edaz\u2014. Esta nueva ventana digital acoge exposiciones virtuales y recorridos por los espacios patrimoniales y sus bienes adscritos. Y junto a todo esto, el canal digital profundiza en la labor continuada de la Alhambra en la defensa de su preservaci\u00f3n y conservaci\u00f3n, as\u00ed como en su materialidad y entorno, junto a las colecciones que atesora su archivo, biblioteca y museo\u201d. <\/span><\/p>\n<p align=\"JUSTIFY\"><span style=\"font-family: Cambria, serif;\">El n\u00famero 49 de la revista Cuadernos de la Alhambra, publicaci\u00f3n can\u00f3nica de los estudios e investigaciones del conjunto monumental, aborda la efem\u00e9ride en un monogr\u00e1fico especial que en palabras de la directora del Patronato ha de servir para asumir y reforzar el compromiso adquirido en 1870 y meditar entorno al significado que el conjunto posee en el siglo XXI. Los trabajos acad\u00e9micos que recoge el \u00faltimo n\u00famero de Cuadernos de la Alhambra abundan en ello. La revoluci\u00f3n liberal y su influjo en Granada y en el monumento, la declaraci\u00f3n en s\u00ed o los m\u00e1s de doscientos cincuenta a\u00f1os del inicio de su documentaci\u00f3n gr\u00e1fica como bien patrimonial son alguno de los argumentos desarrollados en la publicaci\u00f3n. <\/span><\/p>\n<p align=\"JUSTIFY\"><span style=\"font-family: Cambria, serif;\">El n\u00famero 49 de Cuadernos de la Alhambra est\u00e1 disponible en abierto y en pdf a trav\u00e9s de la web del Patronato. Adem\u00e1s de la \u00faltima publicaci\u00f3n, sus responsables han trabajado en los \u00faltimos meses en ofrecer en abierto y gratuitamente los cuarenta y ocho n\u00fameros anteriores, el primero de los cuales fue publicado en 1965.<\/span><\/p>\n<p align=\"JUSTIFY\">Art\u00edculo publicado por primera vez en <a href=\"https:\/\/www.elmundo.es\/andalucia\/2021\/04\/09\/6070148a21efa02e028b4608.html\">El Mundo Andaluc\u00eda\u00a0 9\/04\/2021<\/a><\/p>\n","protected":false},"excerpt":{"rendered":"<p>Entre 1829 y 1862 la mirada de los viajeros rom\u00e1nticos sobre la Alhambra de Granada viraba entre la admiraci\u00f3n y la ruina. La declaraci\u00f3n en 1870 de la Alhambra como&hellip;<\/p>\n","protected":false},"author":5,"featured_media":1529,"comment_status":"open","ping_status":"open","sticky":false,"template":"","format":"standard","meta":[],"categories":[272],"tags":[295,277],"jetpack_featured_media_url":"https:\/\/muvacandalucia.es\/wp-content\/uploads\/2021\/04\/alhambra.jpg","_links":{"self":[{"href":"https:\/\/muvacandalucia.es\/index.php\/wp-json\/wp\/v2\/posts\/1528"}],"collection":[{"href":"https:\/\/muvacandalucia.es\/index.php\/wp-json\/wp\/v2\/posts"}],"about":[{"href":"https:\/\/muvacandalucia.es\/index.php\/wp-json\/wp\/v2\/types\/post"}],"author":[{"embeddable":true,"href":"https:\/\/muvacandalucia.es\/index.php\/wp-json\/wp\/v2\/users\/5"}],"replies":[{"embeddable":true,"href":"https:\/\/muvacandalucia.es\/index.php\/wp-json\/wp\/v2\/comments?post=1528"}],"version-history":[{"count":3,"href":"https:\/\/muvacandalucia.es\/index.php\/wp-json\/wp\/v2\/posts\/1528\/revisions"}],"predecessor-version":[{"id":1538,"href":"https:\/\/muvacandalucia.es\/index.php\/wp-json\/wp\/v2\/posts\/1528\/revisions\/1538"}],"wp:featuredmedia":[{"embeddable":true,"href":"https:\/\/muvacandalucia.es\/index.php\/wp-json\/wp\/v2\/media\/1529"}],"wp:attachment":[{"href":"https:\/\/muvacandalucia.es\/index.php\/wp-json\/wp\/v2\/media?parent=1528"}],"wp:term":[{"taxonomy":"category","embeddable":true,"href":"https:\/\/muvacandalucia.es\/index.php\/wp-json\/wp\/v2\/categories?post=1528"},{"taxonomy":"post_tag","embeddable":true,"href":"https:\/\/muvacandalucia.es\/index.php\/wp-json\/wp\/v2\/tags?post=1528"}],"curies":[{"name":"wp","href":"https:\/\/api.w.org\/{rel}","templated":true}]}}