{"id":1478,"date":"2021-04-10T09:11:08","date_gmt":"2021-04-10T09:11:08","guid":{"rendered":"https:\/\/muvaclinares.es\/?p=1478"},"modified":"2021-04-20T18:39:19","modified_gmt":"2021-04-20T18:39:19","slug":"teresa-sarto-acuarelas","status":"publish","type":"post","link":"https:\/\/muvacandalucia.es\/index.php\/2021\/04\/10\/teresa-sarto-acuarelas\/","title":{"rendered":"Los &#8220;divertimentos I&#8221; de Teresa Sarto. La suavidad de la acuarela."},"content":{"rendered":"<p>&nbsp;<\/p>\n<figure id=\"attachment_1483\" aria-describedby=\"caption-attachment-1483\" style=\"width: 400px\" class=\"wp-caption aligncenter\"><img decoding=\"async\" loading=\"lazy\" class=\"wp-image-1483\" src=\"https:\/\/muvacandalucia.es\/wp-content\/uploads\/2021\/04\/pluma-mini-486x500-1.jpg\" alt=\"Teresa Sarto. Pluma. Acuarela sobre papel. \" width=\"400\" height=\"412\" srcset=\"https:\/\/muvacandalucia.es\/wp-content\/uploads\/2021\/04\/pluma-mini-486x500-1.jpg 486w, https:\/\/muvacandalucia.es\/wp-content\/uploads\/2021\/04\/pluma-mini-486x500-1-292x300.jpg 292w\" sizes=\"(max-width: 400px) 100vw, 400px\" \/><figcaption id=\"caption-attachment-1483\" class=\"wp-caption-text\">Teresa Sarto. Pluma. Acuarela sobre papel.<\/figcaption><\/figure>\n<p style=\"text-align: justify\"><span style=\"color: #808080\">Teresa Sarto ha sido una artista polifac\u00e9tica que ha trabajado en diversos campos art\u00edsticos en los que de forma general han primado las texturas, los contrastes, la materia o la innovaci\u00f3n en materiales y soportes. Pero tambi\u00e9n<span class=\"Apple-converted-space\">\u00a0 <\/span>ha trabajado de forma ocasional la acuarela y lo ha hecho de forma suave y d\u00f3cil, eligiendo la tranquilidad, el sosiego y la calma para expresarse en este \u00e1rea.<\/span><\/p>\n<p style=\"text-align: justify\"><span style=\"color: #808080\">La naturaleza<span class=\"Apple-converted-space\">\u00a0<\/span>es la protagonista en los trabajos en acuarela de Teresa, en ellos vemos que usa la t\u00e9cnica en seco, utilizando el agua como elemento para la disoluci\u00f3n del pigmento pero controlando en todo momento el contorno de la figura y la direcci\u00f3n de la mancha, sin dejar lugar a la improvisaci\u00f3n que a veces marca esta t\u00e9cnica. <span class=\"Apple-converted-space\">\u00a0<\/span><\/span><\/p>\n<p style=\"text-align: justify\"><span style=\"color: #808080\">Dominan en ella los trabajos florales, las plumas y los peque\u00f1os elementos marinos, que bien podr\u00edan ser estudios previos a una obra final pero tambi\u00e9n peque\u00f1as obras individuales terminadas, como peque\u00f1as joyas tratadas con esmero. Aparecen los tonos dulces y tranquilos que<span class=\"Apple-converted-space\">\u00a0 <\/span>denotan unos momentos de paz en ese camino de constante experimentaci\u00f3n art\u00edstica en el que Teresa ha transitado. Tonos que nos alejan de esos contrastes habituales en sus \u00f3leos.<span class=\"Apple-converted-space\">\u00a0<\/span><\/span><\/p>\n<p style=\"text-align: justify\"><span style=\"color: #808080\">Sus plumas parecen suspenderse en el espacio y en el tiempo, las aborda con grises, ocres y amarillos fundidos en agua. Ellas, a veces solitarias y a veces en grupo, sirven de contraste a<span class=\"Apple-converted-space\">\u00a0 <\/span>los trabajos cargados de materia que realiza en sus pinturas. Sus elementos marinos y sus insectos parecen peque\u00f1os estudios individuales<span class=\"Apple-converted-space\">\u00a0 <\/span>que Teresa lleva hasta el detalle controlando el pigmento y la forma, trabajos en los que los fondos son el blanco del papel y en los que parece preocuparse \u00fanicamente por el elemento que trabaja en ese momento. <span class=\"Apple-converted-space\">\u00a0<\/span><\/span><\/p>\n<p style=\"text-align: right\"><span style=\"color: #808080\">Esther Mart\u00ednez<\/span><\/p>\n<p><span style=\"color: #808080\">&#8211; Fuente para todas las im\u00e1genes de esta galer\u00eda: www.teresasarto.com<\/span><\/p>\n<div id='gallery-1' class='gallery galleryid-1478 gallery-columns-3 gallery-size-thumbnail'><figure class='gallery-item'>\n\t\t\t<div class='gallery-icon landscape'>\n\t\t\t\t<a href='https:\/\/muvacandalucia.es\/index.php\/2021\/04\/10\/teresa-sarto-acuarelas\/acuarela-pluma-chimenea-1-500x499\/'><img width=\"150\" height=\"150\" src=\"https:\/\/muvacandalucia.es\/wp-content\/uploads\/2021\/04\/acuarela-pluma-chimenea-1-500x499-1-150x150.jpg\" class=\"attachment-thumbnail size-thumbnail\" alt=\"Teresa Sarto. Pluma. Acuarela sobre papel\" decoding=\"async\" loading=\"lazy\" aria-describedby=\"gallery-1-1480\" srcset=\"https:\/\/muvacandalucia.es\/wp-content\/uploads\/2021\/04\/acuarela-pluma-chimenea-1-500x499-1-150x150.jpg 150w, https:\/\/muvacandalucia.es\/wp-content\/uploads\/2021\/04\/acuarela-pluma-chimenea-1-500x499-1-300x300.jpg 300w, https:\/\/muvacandalucia.es\/wp-content\/uploads\/2021\/04\/acuarela-pluma-chimenea-1-500x499-1.jpg 500w\" sizes=\"(max-width: 150px) 100vw, 150px\" \/><\/a>\n\t\t\t<\/div>\n\t\t\t\t<figcaption class='wp-caption-text gallery-caption' id='gallery-1-1480'>\n\t\t\t\tTeresa Sarto. Pluma. Acuarela sobre papel\n\t\t\t\t<\/figcaption><\/figure><figure class='gallery-item'>\n\t\t\t<div class='gallery-icon portrait'>\n\t\t\t\t<a href='https:\/\/muvacandalucia.es\/index.php\/2021\/04\/10\/teresa-sarto-acuarelas\/acuarela-pluma-de-andrea-15-x-10-cm-413x500\/'><img width=\"150\" height=\"150\" src=\"https:\/\/muvacandalucia.es\/wp-content\/uploads\/2021\/04\/acuarela-PLUMA-DE-ANDREA-15-x-10-cm-413x500-1-150x150.jpg\" class=\"attachment-thumbnail size-thumbnail\" alt=\"Teresa Sarto. Pluma. Acuarela sobre papel\" decoding=\"async\" loading=\"lazy\" aria-describedby=\"gallery-1-1481\" \/><\/a>\n\t\t\t<\/div>\n\t\t\t\t<figcaption class='wp-caption-text gallery-caption' id='gallery-1-1481'>\n\t\t\t\tTeresa Sarto. Pluma. Acuarela sobre papel\n\t\t\t\t<\/figcaption><\/figure><figure class='gallery-item'>\n\t\t\t<div class='gallery-icon landscape'>\n\t\t\t\t<a href='https:\/\/muvacandalucia.es\/index.php\/2021\/04\/10\/teresa-sarto-acuarelas\/plumas-600x450\/'><img width=\"150\" height=\"150\" src=\"https:\/\/muvacandalucia.es\/wp-content\/uploads\/2021\/04\/PLUMAS-600x450-1-150x150.jpg\" class=\"attachment-thumbnail size-thumbnail\" alt=\"Teresa Sarto. Plumas. Acuarela sobre papel\" decoding=\"async\" loading=\"lazy\" aria-describedby=\"gallery-1-1482\" \/><\/a>\n\t\t\t<\/div>\n\t\t\t\t<figcaption class='wp-caption-text gallery-caption' id='gallery-1-1482'>\n\t\t\t\tTeresa Sarto. Plumas. Acuarela sobre papel\n\t\t\t\t<\/figcaption><\/figure><figure class='gallery-item'>\n\t\t\t<div class='gallery-icon portrait'>\n\t\t\t\t<a href='https:\/\/muvacandalucia.es\/index.php\/2021\/04\/10\/teresa-sarto-acuarelas\/pluma-mini-486x500\/'><img width=\"150\" height=\"150\" src=\"https:\/\/muvacandalucia.es\/wp-content\/uploads\/2021\/04\/pluma-mini-486x500-1-150x150.jpg\" class=\"attachment-thumbnail size-thumbnail\" alt=\"Teresa Sarto. Pluma. Acuarela sobre papel.\" decoding=\"async\" loading=\"lazy\" aria-describedby=\"gallery-1-1483\" \/><\/a>\n\t\t\t<\/div>\n\t\t\t\t<figcaption class='wp-caption-text gallery-caption' id='gallery-1-1483'>\n\t\t\t\tTeresa Sarto. Pluma. Acuarela sobre papel. \n\t\t\t\t<\/figcaption><\/figure><figure class='gallery-item'>\n\t\t\t<div class='gallery-icon portrait'>\n\t\t\t\t<a href='https:\/\/muvacandalucia.es\/index.php\/2021\/04\/10\/teresa-sarto-acuarelas\/pluma-aguada-347x500\/'><img width=\"150\" height=\"150\" src=\"https:\/\/muvacandalucia.es\/wp-content\/uploads\/2021\/04\/PLUMA-AGUADA-347x500-1-150x150.jpg\" class=\"attachment-thumbnail size-thumbnail\" alt=\"Teresa Sarto. Pluma. Acuarela sobre papel\" decoding=\"async\" loading=\"lazy\" aria-describedby=\"gallery-1-1484\" \/><\/a>\n\t\t\t<\/div>\n\t\t\t\t<figcaption class='wp-caption-text gallery-caption' id='gallery-1-1484'>\n\t\t\t\tTeresa Sarto. Pluma. Acuarela sobre papel\n\t\t\t\t<\/figcaption><\/figure><figure class='gallery-item'>\n\t\t\t<div class='gallery-icon portrait'>\n\t\t\t\t<a href='https:\/\/muvacandalucia.es\/index.php\/2021\/04\/10\/teresa-sarto-acuarelas\/img_0367-375x500\/'><img width=\"150\" height=\"150\" src=\"https:\/\/muvacandalucia.es\/wp-content\/uploads\/2021\/04\/IMG_0367-375x500-1-150x150.jpg\" class=\"attachment-thumbnail size-thumbnail\" alt=\"Acuarela sobre papel\" decoding=\"async\" loading=\"lazy\" aria-describedby=\"gallery-1-1485\" \/><\/a>\n\t\t\t<\/div>\n\t\t\t\t<figcaption class='wp-caption-text gallery-caption' id='gallery-1-1485'>\n\t\t\t\tTeresa Sarto. Pluma. Acuarela sobre papel\n\t\t\t\t<\/figcaption><\/figure><figure class='gallery-item'>\n\t\t\t<div class='gallery-icon portrait'>\n\t\t\t\t<a href='https:\/\/muvacandalucia.es\/index.php\/2021\/04\/10\/teresa-sarto-acuarelas\/dos-plumas-364x500\/'><img width=\"150\" height=\"150\" src=\"https:\/\/muvacandalucia.es\/wp-content\/uploads\/2021\/04\/dos-plumas-364x500-1-150x150.jpg\" class=\"attachment-thumbnail size-thumbnail\" alt=\"Teresa Sarto. Plumas. Acuarela sobre papel\" decoding=\"async\" loading=\"lazy\" aria-describedby=\"gallery-1-1486\" \/><\/a>\n\t\t\t<\/div>\n\t\t\t\t<figcaption class='wp-caption-text gallery-caption' id='gallery-1-1486'>\n\t\t\t\tTeresa Sarto. Plumas. Acuarela sobre papel\n\t\t\t\t<\/figcaption><\/figure><figure class='gallery-item'>\n\t\t\t<div class='gallery-icon landscape'>\n\t\t\t\t<a href='https:\/\/muvacandalucia.es\/index.php\/2021\/04\/10\/teresa-sarto-acuarelas\/saltamontes-600x365\/'><img width=\"150\" height=\"150\" src=\"https:\/\/muvacandalucia.es\/wp-content\/uploads\/2021\/04\/saltamontes-600x365-1-150x150.jpg\" class=\"attachment-thumbnail size-thumbnail\" alt=\"Teresa Sarto. Saltamontes. Acuarela sobre papel\" decoding=\"async\" loading=\"lazy\" aria-describedby=\"gallery-1-1487\" \/><\/a>\n\t\t\t<\/div>\n\t\t\t\t<figcaption class='wp-caption-text gallery-caption' id='gallery-1-1487'>\n\t\t\t\tTeresa Sarto. Saltamontes. Acuarela sobre papel\n\t\t\t\t<\/figcaption><\/figure><figure class='gallery-item'>\n\t\t\t<div class='gallery-icon landscape'>\n\t\t\t\t<a href='https:\/\/muvacandalucia.es\/index.php\/2021\/04\/10\/teresa-sarto-acuarelas\/escarabajo\/'><img width=\"150\" height=\"150\" src=\"https:\/\/muvacandalucia.es\/wp-content\/uploads\/2021\/04\/escarabajo-150x150.jpg\" class=\"attachment-thumbnail size-thumbnail\" alt=\"Teresa Sarto. Escarabajo. Acuarela sobre papel\" decoding=\"async\" loading=\"lazy\" aria-describedby=\"gallery-1-1488\" \/><\/a>\n\t\t\t<\/div>\n\t\t\t\t<figcaption class='wp-caption-text gallery-caption' id='gallery-1-1488'>\n\t\t\t\tTeresa Sarto. Escarabajo. Acuarela sobre papel\n\t\t\t\t<\/figcaption><\/figure><figure class='gallery-item'>\n\t\t\t<div class='gallery-icon landscape'>\n\t\t\t\t<a href='https:\/\/muvacandalucia.es\/index.php\/2021\/04\/10\/teresa-sarto-acuarelas\/comchas-15\/'><img width=\"150\" height=\"150\" src=\"https:\/\/muvacandalucia.es\/wp-content\/uploads\/2021\/04\/comchas-15-150x150.jpg\" class=\"attachment-thumbnail size-thumbnail\" alt=\"Teresa Sarto. Conchas. Acuarela sobre papel\" decoding=\"async\" loading=\"lazy\" aria-describedby=\"gallery-1-1489\" \/><\/a>\n\t\t\t<\/div>\n\t\t\t\t<figcaption class='wp-caption-text gallery-caption' id='gallery-1-1489'>\n\t\t\t\tTeresa Sarto. Conchas. Acuarela sobre papel\n\t\t\t\t<\/figcaption><\/figure><figure class='gallery-item'>\n\t\t\t<div class='gallery-icon landscape'>\n\t\t\t\t<a href='https:\/\/muvacandalucia.es\/index.php\/2021\/04\/10\/teresa-sarto-acuarelas\/caracola19-768x512\/'><img width=\"150\" height=\"150\" src=\"https:\/\/muvacandalucia.es\/wp-content\/uploads\/2021\/04\/caracola19-768x512-1-150x150.jpg\" class=\"attachment-thumbnail size-thumbnail\" alt=\"Teresa sarto. Caparaz\u00f3n. Acuarela sobre papel\" decoding=\"async\" loading=\"lazy\" aria-describedby=\"gallery-1-1490\" \/><\/a>\n\t\t\t<\/div>\n\t\t\t\t<figcaption class='wp-caption-text gallery-caption' id='gallery-1-1490'>\n\t\t\t\tTeresa Sarto. Caparaz\u00f3n.Acuarela sobre papel\n\t\t\t\t<\/figcaption><\/figure><figure class='gallery-item'>\n\t\t\t<div class='gallery-icon portrait'>\n\t\t\t\t<a href='https:\/\/muvacandalucia.es\/index.php\/2021\/04\/10\/teresa-sarto-acuarelas\/caballito-de-mar-366x500\/'><img width=\"150\" height=\"150\" src=\"https:\/\/muvacandalucia.es\/wp-content\/uploads\/2021\/04\/caballito-de-mar-366x500-1-150x150.jpg\" class=\"attachment-thumbnail size-thumbnail\" alt=\"Teresa Sarto. Caballito de Mar. Acuarela sobre papel\" decoding=\"async\" loading=\"lazy\" aria-describedby=\"gallery-1-1491\" \/><\/a>\n\t\t\t<\/div>\n\t\t\t\t<figcaption class='wp-caption-text gallery-caption' id='gallery-1-1491'>\n\t\t\t\tTeresa Sarto. Caballito de mar. Acuarela sobre papel\n\t\t\t\t<\/figcaption><\/figure><figure class='gallery-item'>\n\t\t\t<div class='gallery-icon landscape'>\n\t\t\t\t<a href='https:\/\/muvacandalucia.es\/index.php\/2021\/04\/10\/teresa-sarto-acuarelas\/conchas-768x584\/'><img width=\"150\" height=\"150\" src=\"https:\/\/muvacandalucia.es\/wp-content\/uploads\/2021\/04\/CONCHAS-768x584-1-150x150.jpg\" class=\"attachment-thumbnail size-thumbnail\" alt=\"Acuarela sobre papel\" decoding=\"async\" loading=\"lazy\" aria-describedby=\"gallery-1-1492\" srcset=\"https:\/\/muvacandalucia.es\/wp-content\/uploads\/2021\/04\/CONCHAS-768x584-1-150x150.jpg 150w, https:\/\/muvacandalucia.es\/wp-content\/uploads\/2021\/04\/CONCHAS-768x584-1-580x584.jpg 580w\" sizes=\"(max-width: 150px) 100vw, 150px\" \/><\/a>\n\t\t\t<\/div>\n\t\t\t\t<figcaption class='wp-caption-text gallery-caption' id='gallery-1-1492'>\n\t\t\t\tAcuarela sobre papel\n\t\t\t\t<\/figcaption><\/figure><figure class='gallery-item'>\n\t\t\t<div class='gallery-icon portrait'>\n\t\t\t\t<a href='https:\/\/muvacandalucia.es\/index.php\/2021\/04\/10\/teresa-sarto-acuarelas\/con-pinza-352x500\/'><img width=\"150\" height=\"150\" src=\"https:\/\/muvacandalucia.es\/wp-content\/uploads\/2021\/04\/con-pinza-352x500-1-150x150.jpg\" class=\"attachment-thumbnail size-thumbnail\" alt=\"Teresa Sarto. Acuarela sobre papel.\" decoding=\"async\" loading=\"lazy\" aria-describedby=\"gallery-1-1493\" \/><\/a>\n\t\t\t<\/div>\n\t\t\t\t<figcaption class='wp-caption-text gallery-caption' id='gallery-1-1493'>\n\t\t\t\tTeresa Sarto. Acuarela sobre papel. \n\t\t\t\t<\/figcaption><\/figure><figure class='gallery-item'>\n\t\t\t<div class='gallery-icon portrait'>\n\t\t\t\t<a href='https:\/\/muvacandalucia.es\/index.php\/2021\/04\/10\/teresa-sarto-acuarelas\/hojas-362x500\/'><img width=\"150\" height=\"150\" src=\"https:\/\/muvacandalucia.es\/wp-content\/uploads\/2021\/04\/HOJAS-362x500-1-150x150.jpg\" class=\"attachment-thumbnail size-thumbnail\" alt=\"Acuarela sobre papel\" decoding=\"async\" loading=\"lazy\" aria-describedby=\"gallery-1-1494\" \/><\/a>\n\t\t\t<\/div>\n\t\t\t\t<figcaption class='wp-caption-text gallery-caption' id='gallery-1-1494'>\n\t\t\t\tAcuarela sobre papel\n\t\t\t\t<\/figcaption><\/figure><figure class='gallery-item'>\n\t\t\t<div class='gallery-icon portrait'>\n\t\t\t\t<a href='https:\/\/muvacandalucia.es\/index.php\/2021\/04\/10\/teresa-sarto-acuarelas\/apunte-329x500\/'><img width=\"150\" height=\"150\" src=\"https:\/\/muvacandalucia.es\/wp-content\/uploads\/2021\/04\/apunte-329x500-1-150x150.jpg\" class=\"attachment-thumbnail size-thumbnail\" alt=\"Acuarela sobre papel\" decoding=\"async\" loading=\"lazy\" aria-describedby=\"gallery-1-1495\" \/><\/a>\n\t\t\t<\/div>\n\t\t\t\t<figcaption class='wp-caption-text gallery-caption' id='gallery-1-1495'>\n\t\t\t\tAcuarela sobre papel\n\t\t\t\t<\/figcaption><\/figure>\n\t\t<\/div>\n\n<p>&nbsp;<\/p>\n","protected":false},"excerpt":{"rendered":"<p>&nbsp; Teresa Sarto ha sido una artista polifac\u00e9tica que ha trabajado en diversos campos art\u00edsticos en los que de forma general han primado las texturas, los contrastes, la materia o&hellip;<\/p>\n","protected":false},"author":2,"featured_media":1487,"comment_status":"open","ping_status":"open","sticky":false,"template":"","format":"standard","meta":[],"categories":[3,291],"tags":[294,221,218,220,64,24,290],"jetpack_featured_media_url":"https:\/\/muvacandalucia.es\/wp-content\/uploads\/2021\/04\/saltamontes-600x365-1-e1618052650231.jpg","_links":{"self":[{"href":"https:\/\/muvacandalucia.es\/index.php\/wp-json\/wp\/v2\/posts\/1478"}],"collection":[{"href":"https:\/\/muvacandalucia.es\/index.php\/wp-json\/wp\/v2\/posts"}],"about":[{"href":"https:\/\/muvacandalucia.es\/index.php\/wp-json\/wp\/v2\/types\/post"}],"author":[{"embeddable":true,"href":"https:\/\/muvacandalucia.es\/index.php\/wp-json\/wp\/v2\/users\/2"}],"replies":[{"embeddable":true,"href":"https:\/\/muvacandalucia.es\/index.php\/wp-json\/wp\/v2\/comments?post=1478"}],"version-history":[{"count":12,"href":"https:\/\/muvacandalucia.es\/index.php\/wp-json\/wp\/v2\/posts\/1478\/revisions"}],"predecessor-version":[{"id":1679,"href":"https:\/\/muvacandalucia.es\/index.php\/wp-json\/wp\/v2\/posts\/1478\/revisions\/1679"}],"wp:featuredmedia":[{"embeddable":true,"href":"https:\/\/muvacandalucia.es\/index.php\/wp-json\/wp\/v2\/media\/1487"}],"wp:attachment":[{"href":"https:\/\/muvacandalucia.es\/index.php\/wp-json\/wp\/v2\/media?parent=1478"}],"wp:term":[{"taxonomy":"category","embeddable":true,"href":"https:\/\/muvacandalucia.es\/index.php\/wp-json\/wp\/v2\/categories?post=1478"},{"taxonomy":"post_tag","embeddable":true,"href":"https:\/\/muvacandalucia.es\/index.php\/wp-json\/wp\/v2\/tags?post=1478"}],"curies":[{"name":"wp","href":"https:\/\/api.w.org\/{rel}","templated":true}]}}