{"id":1423,"date":"2021-04-08T11:39:29","date_gmt":"2021-04-08T11:39:29","guid":{"rendered":"https:\/\/muvaclinares.es\/?p=1423"},"modified":"2021-04-20T18:38:42","modified_gmt":"2021-04-20T18:38:42","slug":"oleos","status":"publish","type":"post","link":"https:\/\/muvacandalucia.es\/index.php\/2021\/04\/08\/oleos\/","title":{"rendered":"Entre materia y texturas, los \u00f3leos de Teresa Sarto."},"content":{"rendered":"<figure id=\"attachment_1436\" aria-describedby=\"caption-attachment-1436\" style=\"width: 400px\" class=\"wp-caption aligncenter\"><img decoding=\"async\" loading=\"lazy\" class=\"wp-image-1436\" src=\"https:\/\/muvacandalucia.es\/wp-content\/uploads\/2021\/04\/5.-chaquetilla-1-600x581-1.jpg\" alt=\"Chaquetilla 1. [perteneciente a Cuadratura]\" width=\"400\" height=\"387\" srcset=\"https:\/\/muvacandalucia.es\/wp-content\/uploads\/2021\/04\/5.-chaquetilla-1-600x581-1.jpg 600w, https:\/\/muvacandalucia.es\/wp-content\/uploads\/2021\/04\/5.-chaquetilla-1-600x581-1-300x291.jpg 300w\" sizes=\"(max-width: 400px) 100vw, 400px\" \/><figcaption id=\"caption-attachment-1436\" class=\"wp-caption-text\">Chaquetilla 1. \u201cCuadratura\u201d. [Fuente: teresasarto.com].<\/figcaption><\/figure>\n<p style=\"text-align: justify\"><span style=\"color: #808080\">Teresa transita por el camino art\u00edstico con dos claves b\u00e1sicas bajo el brazo: la materia y las texturas. En la negaci\u00f3n de sus fondos se entiende su desinter\u00e9s por mostrar nada que nos desv\u00ede del mensaje que quiere ofrecernos a trav\u00e9s de los objetos con los que compone, de los elementos elegidos para expresar. Y es en estos fondos donde precisamente m\u00e1s demuestra su experimentaci\u00f3n permanente y su inter\u00e9s por descubrir.<\/span><\/p>\n<p style=\"text-align: justify\"><span style=\"color: #808080\">Los \u00f3leos de Teresa est\u00e1n marcados por unas constantes que se mantienen a lo largo de su trayectoria y que unifican como un hilo conductor su trabajo, at\u00e1ndolo y aun\u00e1ndolo a su propio ser art\u00edstico. Ella usa la carga mat\u00e9rica\u00a0 como elemento expresivo, conforma sus obras a trav\u00e9s de texturas que resultan palpables a la vista, le interesan los objetos y la manera en que estos expresan.<\/span><\/p>\n<p style=\"text-align: justify\"><span style=\"color: #808080\">Pero en su interesant\u00edsima serie sobre el Mito de Plat\u00f3n, (pueden visitarla <a style=\"color: #808080\" href=\"https:\/\/muvacandalucia.es\/index.php\/2021\/04\/15\/teresa-sarto-y-el-mito-de-platon\/\">aqu\u00ed<\/a>), que realiza para la exposici\u00f3n <em>Mito plat\u00f3nico y arte contempor\u00e1neo sobre matrices digitales<\/em> en 2008, se produce un cambio en su planteamiento, Teresa realiza quiz\u00e1s la mayor ruptura de toda su trayectoria. Decide abandonar la b\u00fasqueda de las texturas y la materia embarc\u00e1ndose durante dos a\u00f1os en un important\u00edsimo trabajo de innovaci\u00f3n, tanto t\u00e9cnica como art\u00edstica, en el que a partir de matrices digitales consigue reflejar los elementos de la naturaleza en base a formas libres realizadas con un proceso de veladuras y una paleta restringida de forma intencionada en la que no solo se limita la gama crom\u00e1tica sino que tambi\u00e9n lo hace la materia y las texturas tan habituales en ella.<span class=\"Apple-converted-space\">\u00a0 \u00a0<\/span><\/span><\/p>\n<p style=\"text-align: justify\"><span style=\"color: #808080\">En su \u00faltima serie, <em>Cuadraturas<\/em>, decide realizar una serie de seis \u00f3leos en los que Teresa vuelve a ese mundo mat\u00e9rico que tanto le interesa, encontramos como la paleta se llena de color y la obra se completa con multitud de detalles, ofreci\u00e9ndonos unos contrastes a base del uso de colores complementarios con los elementos en verdes y los fondos en rojos vibrantes.<\/span><\/p>\n<p style=\"text-align: right\"><span style=\"color: #808080\">Esther Mart\u00ednez.<\/span><\/p>\n<p><span style=\"color: #808080\">Fuente im\u00e1genes: teresasarto.com [para todas las im\u00e1genes de la galer\u00eda].<\/span><\/p>\n<div id='gallery-1' class='gallery galleryid-1423 gallery-columns-2 gallery-size-full'><figure class='gallery-item'>\n\t\t\t<div class='gallery-icon landscape'>\n\t\t\t\t<a href='https:\/\/muvacandalucia.es\/index.php\/2021\/04\/08\/oleos\/nido-219x24-png-500x375\/'><img width=\"500\" height=\"375\" src=\"https:\/\/muvacandalucia.es\/wp-content\/uploads\/2021\/04\/NIDO-219X24.PNG-500x375-1.jpg\" class=\"attachment-full size-full\" alt=\"\u201cNido\u201d. [perteneciente a \u201cMi primera realidad paralela\u201d]\" decoding=\"async\" loading=\"lazy\" aria-describedby=\"gallery-1-1424\" srcset=\"https:\/\/muvacandalucia.es\/wp-content\/uploads\/2021\/04\/NIDO-219X24.PNG-500x375-1.jpg 500w, https:\/\/muvacandalucia.es\/wp-content\/uploads\/2021\/04\/NIDO-219X24.PNG-500x375-1-300x225.jpg 300w\" sizes=\"(max-width: 500px) 100vw, 500px\" \/><\/a>\n\t\t\t<\/div>\n\t\t\t\t<figcaption class='wp-caption-text gallery-caption' id='gallery-1-1424'>\n\t\t\t\t\u201cNido\u201d. [perteneciente a \u201cMi primera realidad paralela\u201d]\n\t\t\t\t<\/figcaption><\/figure><figure class='gallery-item'>\n\t\t\t<div class='gallery-icon landscape'>\n\t\t\t\t<a href='https:\/\/muvacandalucia.es\/captura-1-600x476\/'><img width=\"600\" height=\"476\" src=\"https:\/\/muvacandalucia.es\/wp-content\/uploads\/2021\/04\/Captura-1-600x476-1.png\" class=\"attachment-full size-full\" alt=\"\u201cMu\u00f1eca en azules\u201d. [perteneciente a \u201cMi primera realidad paralela\u201d]\" decoding=\"async\" loading=\"lazy\" aria-describedby=\"gallery-1-1425\" srcset=\"https:\/\/muvacandalucia.es\/wp-content\/uploads\/2021\/04\/Captura-1-600x476-1.png 600w, https:\/\/muvacandalucia.es\/wp-content\/uploads\/2021\/04\/Captura-1-600x476-1-300x238.png 300w\" sizes=\"(max-width: 600px) 100vw, 600px\" \/><\/a>\n\t\t\t<\/div>\n\t\t\t\t<figcaption class='wp-caption-text gallery-caption' id='gallery-1-1425'>\n\t\t\t\t\u201cMu\u00f1eca en azules\u201d. [perteneciente a \u201cMi primera realidad paralela\u201d]\n\t\t\t\t<\/figcaption><\/figure><figure class='gallery-item'>\n\t\t\t<div class='gallery-icon portrait'>\n\t\t\t\t<a href='https:\/\/muvacandalucia.es\/oropeles-del-clarn-146x114-391x500\/'><img width=\"391\" height=\"500\" src=\"https:\/\/muvacandalucia.es\/wp-content\/uploads\/2021\/04\/OROPELES-DEL-CLARC38DN.146x114-391x500-1.jpg\" class=\"attachment-full size-full\" alt=\"Oropeles del clar\u00edn. [perteneciente a \u201cMi primera realidad paralela\u201d]\" decoding=\"async\" loading=\"lazy\" aria-describedby=\"gallery-1-1427\" srcset=\"https:\/\/muvacandalucia.es\/wp-content\/uploads\/2021\/04\/OROPELES-DEL-CLARC38DN.146x114-391x500-1.jpg 391w, https:\/\/muvacandalucia.es\/wp-content\/uploads\/2021\/04\/OROPELES-DEL-CLARC38DN.146x114-391x500-1-235x300.jpg 235w\" sizes=\"(max-width: 391px) 100vw, 391px\" \/><\/a>\n\t\t\t<\/div>\n\t\t\t\t<figcaption class='wp-caption-text gallery-caption' id='gallery-1-1427'>\n\t\t\t\tOropeles del clar\u00edn.[perteneciente a \u201cMi primera realidad paralela\u201d].\n\t\t\t\t<\/figcaption><\/figure><figure class='gallery-item'>\n\t\t\t<div class='gallery-icon landscape'>\n\t\t\t\t<a href='https:\/\/muvacandalucia.es\/jofaina-de-borde-azul39x-46-600x451\/'><img width=\"600\" height=\"451\" src=\"https:\/\/muvacandalucia.es\/wp-content\/uploads\/2021\/04\/JOFAINA-DE-BORDE-AZUL39X-46-600x451-1.jpg\" class=\"attachment-full size-full\" alt=\"Jofaina de borde azul. [perteneciente a \u201cMis alrededores\u201d].\" decoding=\"async\" loading=\"lazy\" aria-describedby=\"gallery-1-1428\" srcset=\"https:\/\/muvacandalucia.es\/wp-content\/uploads\/2021\/04\/JOFAINA-DE-BORDE-AZUL39X-46-600x451-1.jpg 600w, https:\/\/muvacandalucia.es\/wp-content\/uploads\/2021\/04\/JOFAINA-DE-BORDE-AZUL39X-46-600x451-1-300x226.jpg 300w\" sizes=\"(max-width: 600px) 100vw, 600px\" \/><\/a>\n\t\t\t<\/div>\n\t\t\t\t<figcaption class='wp-caption-text gallery-caption' id='gallery-1-1428'>\n\t\t\t\tJofaina de borde azul. [perteneciente a \u201cMis alrededores\u201d].\n\t\t\t\t<\/figcaption><\/figure><figure class='gallery-item'>\n\t\t\t<div class='gallery-icon portrait'>\n\t\t\t\t<a href='https:\/\/muvacandalucia.es\/de-trasporte-muy-fragil146x146-497x500\/'><img width=\"497\" height=\"500\" src=\"https:\/\/muvacandalucia.es\/wp-content\/uploads\/2021\/04\/DE-TRASPORTE-MUY-FRAGIL146X146-497x500-1.jpg\" class=\"attachment-full size-full\" alt=\"De transporte muy fr\u00e1gil. [perteneciente a \u201cMis alrededores\u201d].\" decoding=\"async\" loading=\"lazy\" aria-describedby=\"gallery-1-1429\" srcset=\"https:\/\/muvacandalucia.es\/wp-content\/uploads\/2021\/04\/DE-TRASPORTE-MUY-FRAGIL146X146-497x500-1.jpg 497w, https:\/\/muvacandalucia.es\/wp-content\/uploads\/2021\/04\/DE-TRASPORTE-MUY-FRAGIL146X146-497x500-1-298x300.jpg 298w, https:\/\/muvacandalucia.es\/wp-content\/uploads\/2021\/04\/DE-TRASPORTE-MUY-FRAGIL146X146-497x500-1-150x150.jpg 150w\" sizes=\"(max-width: 497px) 100vw, 497px\" \/><\/a>\n\t\t\t<\/div>\n\t\t\t\t<figcaption class='wp-caption-text gallery-caption' id='gallery-1-1429'>\n\t\t\t\tDe transporte muy fr\u00e1gil. [perteneciente a \u201cMis alrededores\u201d].\n\t\t\t\t<\/figcaption><\/figure><figure class='gallery-item'>\n\t\t\t<div class='gallery-icon landscape'>\n\t\t\t\t<a href='https:\/\/muvacandalucia.es\/captura76-300x297\/'><img width=\"300\" height=\"297\" src=\"https:\/\/muvacandalucia.es\/wp-content\/uploads\/2021\/04\/Captura76-300x297-1.png\" class=\"attachment-full size-full\" alt=\"Captura 76. [perteneciente a \u201cCuadratura\u201d]\" decoding=\"async\" loading=\"lazy\" aria-describedby=\"gallery-1-1437\" srcset=\"https:\/\/muvacandalucia.es\/wp-content\/uploads\/2021\/04\/Captura76-300x297-1.png 300w, https:\/\/muvacandalucia.es\/wp-content\/uploads\/2021\/04\/Captura76-300x297-1-150x150.png 150w\" sizes=\"(max-width: 300px) 100vw, 300px\" \/><\/a>\n\t\t\t<\/div>\n\t\t\t\t<figcaption class='wp-caption-text gallery-caption' id='gallery-1-1437'>\n\t\t\t\tCaptura 76. [perteneciente a \u201cCuadratura\u201d]\n\t\t\t\t<\/figcaption><\/figure><figure class='gallery-item'>\n\t\t\t<div class='gallery-icon landscape'>\n\t\t\t\t<a href='https:\/\/muvacandalucia.es\/21221-600x591\/'><img width=\"600\" height=\"591\" src=\"https:\/\/muvacandalucia.es\/wp-content\/uploads\/2021\/04\/21221-600x591-1.png\" class=\"attachment-full size-full\" alt=\"Chaquetillas. [perteneciente a Cuadratura]\" decoding=\"async\" loading=\"lazy\" aria-describedby=\"gallery-1-1438\" srcset=\"https:\/\/muvacandalucia.es\/wp-content\/uploads\/2021\/04\/21221-600x591-1.png 600w, https:\/\/muvacandalucia.es\/wp-content\/uploads\/2021\/04\/21221-600x591-1-300x296.png 300w\" sizes=\"(max-width: 600px) 100vw, 600px\" \/><\/a>\n\t\t\t<\/div>\n\t\t\t\t<figcaption class='wp-caption-text gallery-caption' id='gallery-1-1438'>\n\t\t\t\tChaquetillas. [perteneciente a Cuadratura]\n\t\t\t\t<\/figcaption><\/figure><figure class='gallery-item'>\n\t\t\t<div class='gallery-icon landscape'>\n\t\t\t\t<a href='https:\/\/muvacandalucia.es\/index.php\/2021\/04\/08\/oleos\/5-chaquetilla-1-600x581\/'><img width=\"600\" height=\"581\" src=\"https:\/\/muvacandalucia.es\/wp-content\/uploads\/2021\/04\/5.-chaquetilla-1-600x581-1.jpg\" class=\"attachment-full size-full\" alt=\"Chaquetilla 1. [perteneciente a Cuadratura]\" decoding=\"async\" loading=\"lazy\" aria-describedby=\"gallery-1-1436\" srcset=\"https:\/\/muvacandalucia.es\/wp-content\/uploads\/2021\/04\/5.-chaquetilla-1-600x581-1.jpg 600w, https:\/\/muvacandalucia.es\/wp-content\/uploads\/2021\/04\/5.-chaquetilla-1-600x581-1-300x291.jpg 300w\" sizes=\"(max-width: 600px) 100vw, 600px\" \/><\/a>\n\t\t\t<\/div>\n\t\t\t\t<figcaption class='wp-caption-text gallery-caption' id='gallery-1-1436'>\n\t\t\t\tChaquetilla 1. [perteneciente a Cuadratura]\n\t\t\t\t<\/figcaption><\/figure><figure class='gallery-item'>\n\t\t\t<div class='gallery-icon portrait'>\n\t\t\t\t<a href='https:\/\/muvacandalucia.es\/index.php\/2021\/04\/08\/oleos\/manzanitas-35x27\/'><img width=\"1019\" height=\"1363\" src=\"https:\/\/muvacandalucia.es\/wp-content\/uploads\/2021\/04\/MANZANITAS-35X27.jpg\" class=\"attachment-full size-full\" alt=\"Manzanitas. 35x27. (perteneciente a Mi primera realidad paralela)\" decoding=\"async\" loading=\"lazy\" aria-describedby=\"gallery-1-1592\" srcset=\"https:\/\/muvacandalucia.es\/wp-content\/uploads\/2021\/04\/MANZANITAS-35X27.jpg 1019w, https:\/\/muvacandalucia.es\/wp-content\/uploads\/2021\/04\/MANZANITAS-35X27-224x300.jpg 224w, https:\/\/muvacandalucia.es\/wp-content\/uploads\/2021\/04\/MANZANITAS-35X27-766x1024.jpg 766w, https:\/\/muvacandalucia.es\/wp-content\/uploads\/2021\/04\/MANZANITAS-35X27-768x1027.jpg 768w\" sizes=\"(max-width: 1019px) 100vw, 1019px\" \/><\/a>\n\t\t\t<\/div>\n\t\t\t\t<figcaption class='wp-caption-text gallery-caption' id='gallery-1-1592'>\n\t\t\t\tManzanitas. 35&#215;27. (perteneciente a Mi primera realidad paralela)\n\t\t\t\t<\/figcaption><\/figure><figure class='gallery-item'>\n\t\t\t<div class='gallery-icon landscape'>\n\t\t\t\t<a href='https:\/\/muvacandalucia.es\/index.php\/2021\/04\/08\/oleos\/mueca-volando-61x61\/'><img width=\"1010\" height=\"1009\" src=\"https:\/\/muvacandalucia.es\/wp-content\/uploads\/2021\/04\/MU\u2022ECA-VOLANDO-61X61.png\" class=\"attachment-full size-full\" alt=\"Mu\u00f1eca volando. 61X61(perteneciente a Mi primera Realidad Paralela)\" decoding=\"async\" loading=\"lazy\" aria-describedby=\"gallery-1-1593\" srcset=\"https:\/\/muvacandalucia.es\/wp-content\/uploads\/2021\/04\/MU\u2022ECA-VOLANDO-61X61.png 1010w, https:\/\/muvacandalucia.es\/wp-content\/uploads\/2021\/04\/MU\u2022ECA-VOLANDO-61X61-300x300.png 300w, https:\/\/muvacandalucia.es\/wp-content\/uploads\/2021\/04\/MU\u2022ECA-VOLANDO-61X61-150x150.png 150w, https:\/\/muvacandalucia.es\/wp-content\/uploads\/2021\/04\/MU\u2022ECA-VOLANDO-61X61-768x767.png 768w\" sizes=\"(max-width: 1010px) 100vw, 1010px\" \/><\/a>\n\t\t\t<\/div>\n\t\t\t\t<figcaption class='wp-caption-text gallery-caption' id='gallery-1-1593'>\n\t\t\t\tMu\u00f1eca volando. 61X61(perteneciente a Mi primera Realidad Paralela)\n\t\t\t\t<\/figcaption><\/figure><figure class='gallery-item'>\n\t\t\t<div class='gallery-icon portrait'>\n\t\t\t\t<a href='https:\/\/muvacandalucia.es\/index.php\/2021\/04\/08\/oleos\/maleta-y-pluma-73x60\/'><img width=\"637\" height=\"759\" src=\"https:\/\/muvacandalucia.es\/wp-content\/uploads\/2021\/04\/MALETA-Y-PLUMA-73x60-1.jpg\" class=\"attachment-full size-full\" alt=\"Maleta y pluma. 73x60. (perteneciente a Mi primera Realidad Paralela)\" decoding=\"async\" loading=\"lazy\" aria-describedby=\"gallery-1-1594\" srcset=\"https:\/\/muvacandalucia.es\/wp-content\/uploads\/2021\/04\/MALETA-Y-PLUMA-73x60-1.jpg 637w, https:\/\/muvacandalucia.es\/wp-content\/uploads\/2021\/04\/MALETA-Y-PLUMA-73x60-1-252x300.jpg 252w\" sizes=\"(max-width: 637px) 100vw, 637px\" \/><\/a>\n\t\t\t<\/div>\n\t\t\t\t<figcaption class='wp-caption-text gallery-caption' id='gallery-1-1594'>\n\t\t\t\tMaleta y pluma. 73&#215;60. (perteneciente a Mi primera Realidad Paralela)\n\t\t\t\t<\/figcaption><\/figure><figure class='gallery-item'>\n\t\t\t<div class='gallery-icon portrait'>\n\t\t\t\t<a href='https:\/\/muvacandalucia.es\/index.php\/2021\/04\/08\/oleos\/mu%c2%a7eca-y-celosia-146x114\/'><img width=\"567\" height=\"758\" src=\"https:\/\/muvacandalucia.es\/wp-content\/uploads\/2021\/04\/mu\u00a7eca-y-celosia.-146x114-1.jpg\" class=\"attachment-full size-full\" alt=\"Mu\u00f1eca y celos\u00eda. 146x114. (perteneciente a Mi primera realidad paralela).\" decoding=\"async\" loading=\"lazy\" aria-describedby=\"gallery-1-1595\" srcset=\"https:\/\/muvacandalucia.es\/wp-content\/uploads\/2021\/04\/mu\u00a7eca-y-celosia.-146x114-1.jpg 567w, https:\/\/muvacandalucia.es\/wp-content\/uploads\/2021\/04\/mu\u00a7eca-y-celosia.-146x114-1-224x300.jpg 224w\" sizes=\"(max-width: 567px) 100vw, 567px\" \/><\/a>\n\t\t\t<\/div>\n\t\t\t\t<figcaption class='wp-caption-text gallery-caption' id='gallery-1-1595'>\n\t\t\t\tMu\u00f1eca y celos\u00eda. 146&#215;114. (perteneciente a Mi primera realidad paralela).\n\t\t\t\t<\/figcaption><\/figure><figure class='gallery-item'>\n\t\t\t<div class='gallery-icon portrait'>\n\t\t\t\t<a href='https:\/\/muvacandalucia.es\/index.php\/2021\/04\/08\/oleos\/la-alhacena-146x114\/'><img width=\"801\" height=\"1022\" src=\"https:\/\/muvacandalucia.es\/wp-content\/uploads\/2021\/04\/LA-ALHACENA-146X114.png\" class=\"attachment-full size-full\" alt=\"La alhacena. 146x114 cm. (perteneciente a Mi primera realidad paralela).\" decoding=\"async\" loading=\"lazy\" aria-describedby=\"gallery-1-1596\" srcset=\"https:\/\/muvacandalucia.es\/wp-content\/uploads\/2021\/04\/LA-ALHACENA-146X114.png 801w, https:\/\/muvacandalucia.es\/wp-content\/uploads\/2021\/04\/LA-ALHACENA-146X114-235x300.png 235w, https:\/\/muvacandalucia.es\/wp-content\/uploads\/2021\/04\/LA-ALHACENA-146X114-768x980.png 768w\" sizes=\"(max-width: 801px) 100vw, 801px\" \/><\/a>\n\t\t\t<\/div>\n\t\t\t\t<figcaption class='wp-caption-text gallery-caption' id='gallery-1-1596'>\n\t\t\t\tLa alhacena. 146X114 cm.(perteneciente a Mi primera realidad paralela).\n\t\t\t\t<\/figcaption><\/figure><figure class='gallery-item'>\n\t\t\t<div class='gallery-icon portrait'>\n\t\t\t\t<a href='https:\/\/muvacandalucia.es\/index.php\/2021\/04\/08\/oleos\/anfora-85x57\/'><img width=\"646\" height=\"996\" src=\"https:\/\/muvacandalucia.es\/wp-content\/uploads\/2021\/04\/ANFORA-85x57-.jpg\" class=\"attachment-full size-full\" alt=\"\u00c1nfora 85x57 cm. (perteneciente a Mi primera realidad paralela).\" decoding=\"async\" loading=\"lazy\" aria-describedby=\"gallery-1-1597\" srcset=\"https:\/\/muvacandalucia.es\/wp-content\/uploads\/2021\/04\/ANFORA-85x57-.jpg 646w, https:\/\/muvacandalucia.es\/wp-content\/uploads\/2021\/04\/ANFORA-85x57--195x300.jpg 195w\" sizes=\"(max-width: 646px) 100vw, 646px\" \/><\/a>\n\t\t\t<\/div>\n\t\t\t\t<figcaption class='wp-caption-text gallery-caption' id='gallery-1-1597'>\n\t\t\t\t\u00c1nfora 85&#215;57 cm. (perteneciente a Mi primera realidad paralela)\n\t\t\t\t<\/figcaption><\/figure>\n\t\t<\/div>\n\n","protected":false},"excerpt":{"rendered":"<p>Teresa transita por el camino art\u00edstico con dos claves b\u00e1sicas bajo el brazo: la materia y las texturas. En la negaci\u00f3n de sus fondos se entiende su desinter\u00e9s por mostrar&hellip;<\/p>\n","protected":false},"author":2,"featured_media":1427,"comment_status":"open","ping_status":"open","sticky":false,"template":"","format":"standard","meta":[],"categories":[3,291],"tags":[221,218,220,24,290],"jetpack_featured_media_url":"https:\/\/muvacandalucia.es\/wp-content\/uploads\/2021\/04\/OROPELES-DEL-CLARC38DN.146x114-391x500-1.jpg","_links":{"self":[{"href":"https:\/\/muvacandalucia.es\/index.php\/wp-json\/wp\/v2\/posts\/1423"}],"collection":[{"href":"https:\/\/muvacandalucia.es\/index.php\/wp-json\/wp\/v2\/posts"}],"about":[{"href":"https:\/\/muvacandalucia.es\/index.php\/wp-json\/wp\/v2\/types\/post"}],"author":[{"embeddable":true,"href":"https:\/\/muvacandalucia.es\/index.php\/wp-json\/wp\/v2\/users\/2"}],"replies":[{"embeddable":true,"href":"https:\/\/muvacandalucia.es\/index.php\/wp-json\/wp\/v2\/comments?post=1423"}],"version-history":[{"count":22,"href":"https:\/\/muvacandalucia.es\/index.php\/wp-json\/wp\/v2\/posts\/1423\/revisions"}],"predecessor-version":[{"id":1678,"href":"https:\/\/muvacandalucia.es\/index.php\/wp-json\/wp\/v2\/posts\/1423\/revisions\/1678"}],"wp:featuredmedia":[{"embeddable":true,"href":"https:\/\/muvacandalucia.es\/index.php\/wp-json\/wp\/v2\/media\/1427"}],"wp:attachment":[{"href":"https:\/\/muvacandalucia.es\/index.php\/wp-json\/wp\/v2\/media?parent=1423"}],"wp:term":[{"taxonomy":"category","embeddable":true,"href":"https:\/\/muvacandalucia.es\/index.php\/wp-json\/wp\/v2\/categories?post=1423"},{"taxonomy":"post_tag","embeddable":true,"href":"https:\/\/muvacandalucia.es\/index.php\/wp-json\/wp\/v2\/tags?post=1423"}],"curies":[{"name":"wp","href":"https:\/\/api.w.org\/{rel}","templated":true}]}}