{"id":1418,"date":"2021-04-08T08:54:44","date_gmt":"2021-04-08T08:54:44","guid":{"rendered":"https:\/\/muvaclinares.es\/?p=1418"},"modified":"2021-04-20T18:43:36","modified_gmt":"2021-04-20T18:43:36","slug":"1418","status":"publish","type":"post","link":"https:\/\/muvacandalucia.es\/index.php\/2021\/04\/08\/1418\/","title":{"rendered":"Teresa Sarto (1947-2019)"},"content":{"rendered":"<figure id=\"attachment_1419\" aria-describedby=\"caption-attachment-1419\" style=\"width: 452px\" class=\"wp-caption aligncenter\"><img decoding=\"async\" loading=\"lazy\" class=\"wp-image-1419 size-full\" src=\"https:\/\/muvacandalucia.es\/wp-content\/uploads\/2021\/04\/foto-INICIO-BIOGRAFC38DA-452x800-1.png\" alt=\"Teresa Sarto. [Fuente: teresasarto.com]\" width=\"452\" height=\"800\" srcset=\"https:\/\/muvacandalucia.es\/wp-content\/uploads\/2021\/04\/foto-INICIO-BIOGRAFC38DA-452x800-1.png 452w, https:\/\/muvacandalucia.es\/wp-content\/uploads\/2021\/04\/foto-INICIO-BIOGRAFC38DA-452x800-1-170x300.png 170w\" sizes=\"(max-width: 452px) 100vw, 452px\" \/><figcaption id=\"caption-attachment-1419\" class=\"wp-caption-text\">Teresa Sarto. [Fuente: teresasarto.com]<\/figcaption><\/figure>\n<p style=\"text-align: justify\"><span style=\"color: #808080\">Comenzamos una nueva exposici\u00f3n virtual con una artista de dilatada carrera, Teresa Sarto, una mujer con una visi\u00f3n art\u00edstica basada en una constante investigaci\u00f3n sobre materiales y t\u00e9cnicas, una forma de sentir y entender el arte desde el inconformismo pl\u00e1stico y la convicci\u00f3n de la necesidad del artista de evolucionar a trav\u00e9s de la experimentaci\u00f3n. <span class=\"Apple-converted-space\">\u00a0<\/span><\/span><\/p>\n<p style=\"text-align: justify\"><span style=\"color: #808080\">Teresa Fern\u00e1ndez Gimeno, Teresa Sarto en el mundo art\u00edstico, nace en Sabi\u00f1\u00e1n (Zaragoza), en 1947, pronto se traslada junto a su familia a Barcelona y de ah\u00ed, cuando ten\u00eda cinco a\u00f1os, a Madrid.<span class=\"Apple-converted-space\">\u00a0 <\/span>Crece en un entorno familiar amante del arte, sus padres dibujan y ponen a disposici\u00f3n de sus hijos las herramientas para que crezcan vinculados a l\u00e1pices y pinceles.<span class=\"Apple-converted-space\">\u00a0<\/span><\/span><\/p>\n<p style=\"text-align: justify\"><span style=\"color: #808080\">En este contexto familiar empieza a sentir el dibujo y la acuarela como una necesidad que va m\u00e1s all\u00e1 que ser una diversi\u00f3n y decide comenzar su preparaci\u00f3n para ingresar en la <em>Escuela Superior de Bellas Artes de San Fernando<\/em> en Madrid, lo que har\u00e1 en 1964 y donde se licenciar\u00e1 cuatro a\u00f1os despu\u00e9s. A\u00f1os m\u00e1s tarde, en 1986, obtendr\u00e1 el doctorado en Bellas Artes por la <em>Universidad de Salamanca<\/em>.<span class=\"Apple-converted-space\">\u00a0<\/span><\/span><\/p>\n<p style=\"text-align: justify\"><span style=\"color: #808080\">En 1968, en el \u00faltimo a\u00f1o de carrera, consigue la beca de paisaje del Paular en Segovia y tambi\u00e9n el Primer Premio de pintura al aire libre de la <em>Facultad de Medicina de Madrid<\/em>. Una vez licenciada en Bellas Artes decide viajar a Lyon donde pasa una temporada trabajando y ampliando su producci\u00f3n art\u00edstica, a su vuelta Teresa participa en el <em>Premio de Pintura Alonso Cano de Granada<\/em> ganando el primer premio. <span class=\"Apple-converted-space\">\u00a0<\/span><\/span><\/p>\n<p style=\"text-align: justify\"><span style=\"color: #808080\">Entre 1971 y 1973 Teresa expone individualmente sus obras, compagina la producci\u00f3n art\u00edstica con la docencia y se marcha a Italia dos a\u00f1os, una estancia en Pav\u00eda en la que se dedica sobre todo a la investigaci\u00f3n de nuevas t\u00e9cnicas y al conocimiento del arte.<span class=\"Apple-converted-space\">\u00a0<\/span><\/span><\/p>\n<p style=\"text-align: justify\"><span style=\"color: #808080\">A partir de 1974, Teresa se instala en Salamanca, dedicada a la pintura y a la docencia va evolucionando hacia una nueva forma de entender y trabajar sus obras, que comienzan a tener un dibujo m\u00e1s refinado y m\u00e1s anal\u00edtico. En estos a\u00f1os abarcar\u00e1 proyectos expositivos colectivos en diferentes espacios como: la <em>Colectiva Nuevo Realismo en la Pintura Actual Espa\u00f1ola<\/em>, la primera muestra itinerante de <em>Pintores Contempor\u00e1neos Salmantinos<\/em> por la provincia, el <em>XI Certamen Nacional de Acuarela en Caja Madrid<\/em> (Madrid) o<span class=\"Apple-converted-space\">\u00a0 <\/span>el <em>XIX Concurso Nacional Rafael Zabaleta<\/em> (Ja\u00e9n), entre muchas otras.<span class=\"Apple-converted-space\">\u00a0<\/span><\/span><\/p>\n<p style=\"text-align: justify\"><span style=\"color: #808080\">Teresa es una artista que trabajar\u00e1 diferentes campos: dibujo, acuarela, \u00f3leo e ilustraci\u00f3n, llev\u00e1ndola este \u00faltimo a ilustrar algunos libros en colaboraci\u00f3n con el tambi\u00e9n pintor Eusebio San Blanco, que ser\u00e1n publicados por diferentes editoriales.<span class=\"Apple-converted-space\">\u00a0<\/span><\/span><\/p>\n<p style=\"text-align: justify\"><span style=\"color: #808080\">A partir de la d\u00e9cada de los noventa comienza con una pintura m\u00e1s intimista, trabajando en un lenguaje de figuraci\u00f3n en unas obras en las que los objetos personales la acompa\u00f1an siempre. En su gama crom\u00e1tica vuelven a aparecer los grises de su etapa en Madrid en un momento pict\u00f3rico en el que el color no forma parte de sus necesidades, ahora le interesa la experimentaci\u00f3n con nuevos materiales, los fondos cargados de materia, las veladuras o las posibilidades que se abren con las texturas. Ser\u00e1 en esta etapa cuando adopte el formato alargado tanto vertical como horizontal, un formato que no abandonar\u00e1 nunca y que se configurar\u00e1 como parte estructural de la composici\u00f3n de su obra volvi\u00e9ndose esencial para la ejecuci\u00f3n de la misma.<span class=\"Apple-converted-space\">\u00a0<\/span><\/span><\/p>\n<p style=\"text-align: justify\"><span style=\"color: #808080\">Ser\u00e1 a partir de los primeros a\u00f1os del siglo XXI cuando Teresa comience a interesarse por ampliar su gama crom\u00e1tica, aparecer\u00e1n los \u00f3xidos, los cadmios o los amarillos, colores que veremos en las obras a partir de estos a\u00f1os y que conformaran una paleta mucho m\u00e1s colorista.<span class=\"Apple-converted-space\">\u00a0<\/span><\/span><\/p>\n<p style=\"text-align: justify\"><span style=\"color: #808080\">Teresa ha sido una artista en constante evoluci\u00f3n, el hilo conductor en ella ha sido la investigaci\u00f3n, un hecho que la lleva como no puede ser de otra manera al mundo digital y a trabajar sobre matrices digitales en 2008. A partir de este momento comienza tal vez, su periodo m\u00e1s reflexivo en el que la artista disfruta pintando m\u00e1s que nunca y enfrent\u00e1ndose a los problemas t\u00e9cnicos con los que se encuentra, llegando a la serigraf\u00eda digital que le ha permitido tener obra en multitud de museos. <span class=\"Apple-converted-space\">\u00a0<\/span><\/span><\/p>\n<p style=\"text-align: justify\"><span style=\"color: #808080\">Los \u00faltimos diez a\u00f1os de Teresa constituyen una etapa en la que la artista convive con una dura enfermedad que supone para ella un nuevo cambio en su proceso art\u00edstico, analizando y construyendo al detalle la obra y creando una serie de min\u00fasculas acuarelas y sus \u00faltimos seis \u00f3leos de id\u00e9ntico formato, un metro cuadrado, con los que se enfrenta a su destino.<\/span><\/p>\n<p style=\"text-align: justify\"><span style=\"color: #808080\">Ser\u00eda imposible nombrar en este breve texto biogr\u00e1fico la cantidad de participaciones en muestras tanto colectivas como individuales que Teresa Sarto lleva a cabo a lo largo de su extensa y prol\u00edfica trayectoria, pero no queremos dejar de ofrecer esta interesante informaci\u00f3n, <a style=\"color: #808080\" href=\"https:\/\/www.teresasarto.com\/\">aqu\u00ed<\/a> puedes acceder a la informaci\u00f3n detallada. <\/span><\/p>\n<p style=\"text-align: right\"><span style=\"color: #808080\"><span class=\"Apple-converted-space\">Esther Mart\u00ednez.<\/span><\/span><\/p>\n<p><span style=\"color: #808080\">BIBLIOGRAF\u00cdA Y RECURSOS WEB<\/span><\/p>\n<p style=\"text-align: justify\"><span style=\"color: #808080\">&#8211; http:\/\/www.iberoprinter.net\/teresasarto\/36\/<\/span><\/p>\n<p style=\"text-align: justify\"><span style=\"color: #808080\">&#8211; www.teresasarto.com<\/span><\/p>\n","protected":false},"excerpt":{"rendered":"<p>Comenzamos una nueva exposici\u00f3n virtual con una artista de dilatada carrera, Teresa Sarto, una mujer con una visi\u00f3n art\u00edstica basada en una constante investigaci\u00f3n sobre materiales y t\u00e9cnicas, una forma&hellip;<\/p>\n","protected":false},"author":2,"featured_media":1424,"comment_status":"open","ping_status":"open","sticky":false,"template":"","format":"standard","meta":[],"categories":[3,291],"tags":[221,218,64,24,290],"jetpack_featured_media_url":"https:\/\/muvacandalucia.es\/wp-content\/uploads\/2021\/04\/NIDO-219X24.PNG-500x375-1.jpg","_links":{"self":[{"href":"https:\/\/muvacandalucia.es\/index.php\/wp-json\/wp\/v2\/posts\/1418"}],"collection":[{"href":"https:\/\/muvacandalucia.es\/index.php\/wp-json\/wp\/v2\/posts"}],"about":[{"href":"https:\/\/muvacandalucia.es\/index.php\/wp-json\/wp\/v2\/types\/post"}],"author":[{"embeddable":true,"href":"https:\/\/muvacandalucia.es\/index.php\/wp-json\/wp\/v2\/users\/2"}],"replies":[{"embeddable":true,"href":"https:\/\/muvacandalucia.es\/index.php\/wp-json\/wp\/v2\/comments?post=1418"}],"version-history":[{"count":10,"href":"https:\/\/muvacandalucia.es\/index.php\/wp-json\/wp\/v2\/posts\/1418\/revisions"}],"predecessor-version":[{"id":1683,"href":"https:\/\/muvacandalucia.es\/index.php\/wp-json\/wp\/v2\/posts\/1418\/revisions\/1683"}],"wp:featuredmedia":[{"embeddable":true,"href":"https:\/\/muvacandalucia.es\/index.php\/wp-json\/wp\/v2\/media\/1424"}],"wp:attachment":[{"href":"https:\/\/muvacandalucia.es\/index.php\/wp-json\/wp\/v2\/media?parent=1418"}],"wp:term":[{"taxonomy":"category","embeddable":true,"href":"https:\/\/muvacandalucia.es\/index.php\/wp-json\/wp\/v2\/categories?post=1418"},{"taxonomy":"post_tag","embeddable":true,"href":"https:\/\/muvacandalucia.es\/index.php\/wp-json\/wp\/v2\/tags?post=1418"}],"curies":[{"name":"wp","href":"https:\/\/api.w.org\/{rel}","templated":true}]}}