{"id":1332,"date":"2021-04-01T12:54:41","date_gmt":"2021-04-01T12:54:41","guid":{"rendered":"https:\/\/muvaclinares.es\/?p=1332"},"modified":"2021-04-20T18:36:15","modified_gmt":"2021-04-20T18:36:15","slug":"croniqueando-de-carmen-molina-y-alfonso-infantes-una","status":"publish","type":"post","link":"https:\/\/muvacandalucia.es\/index.php\/2021\/04\/01\/croniqueando-de-carmen-molina-y-alfonso-infantes-una\/","title":{"rendered":"\u201cCroniqueando\u201d. Una reflexi\u00f3n a trav\u00e9s del arte."},"content":{"rendered":"<figure id=\"attachment_1338\" aria-describedby=\"caption-attachment-1338\" style=\"width: 400px\" class=\"wp-caption aligncenter\"><img decoding=\"async\" loading=\"lazy\" class=\"wp-image-1338\" src=\"https:\/\/muvacandalucia.es\/wp-content\/uploads\/2021\/04\/5E4468B9-31AA-4537-9A50-91C7656DB138-300x261.jpeg\" alt=\"Exposici\u00f3n virtual \u201cCroniqueando\u201d. Carmen Molina y Alfonso Infantes. 2021.\" width=\"400\" height=\"348\" srcset=\"https:\/\/muvacandalucia.es\/wp-content\/uploads\/2021\/04\/5E4468B9-31AA-4537-9A50-91C7656DB138-300x261.jpeg 300w, https:\/\/muvacandalucia.es\/wp-content\/uploads\/2021\/04\/5E4468B9-31AA-4537-9A50-91C7656DB138-768x667.jpeg 768w, https:\/\/muvacandalucia.es\/wp-content\/uploads\/2021\/04\/5E4468B9-31AA-4537-9A50-91C7656DB138.jpeg 961w\" sizes=\"(max-width: 400px) 100vw, 400px\" \/><figcaption id=\"caption-attachment-1338\" class=\"wp-caption-text\">Exposici\u00f3n virtual \u201cCroniqueando\u201d. Carmen Molina y Alfonso Infantes. 2021.<\/figcaption><\/figure>\n<p style=\"text-align: justify\"><span style=\"color: #808080\"><em>Croniqueando<\/em> nace de la necesidad de Carmen Molina y Alfonso Infantes de acometer un an\u00e1lisis de la situaci\u00f3n actual, abarcando diversos temas de importancia y haci\u00e9ndolo desde una mirada cr\u00edtica y una perspectiva art\u00edstica. Una necesidad que surge en 2016 tras reencontrarse en Valencia con el Equipo Cr\u00f3nica y su trabajo como cronistas sociales de esos \u00faltimos a\u00f1os de la dictadura franquista.<\/span><\/p>\n<p style=\"text-align: justify\"><span style=\"color: #808080\">Tanto Alfonso Infantes como Carmen Molina tienen un amplio curriculum en cuanto a la realizaci\u00f3n de acciones que vinculen el arte con la reivindicaci\u00f3n social. Sus propuestas art\u00edsticas \u00a0suelen\u00a0conjugar dos factores: por un lado la reflexi\u00f3n autom\u00e1tica que se produce como reacci\u00f3n a sus obras y por otro el disfrute de la contemplaci\u00f3n de la obra de arte en si misma.<\/span><\/p>\n<p style=\"text-align: justify\"><span style=\"color: #808080\">Ambos se mueven en el campo art\u00edstico como pez en el agua, trabajando en un proceso creativo que traspasa su medio habitual, el fotogr\u00e1fico. Cuando colaboran en proyectos en com\u00fan mezclan conceptos que tradicionalmente son relacionados con otras disciplinas. Podemos ver que en sus trabajos funden con una perfecci\u00f3n casi irreverente el medio fotogr\u00e1fico, el pict\u00f3rico e incluso el musical, haciendo as\u00ed que los medios de expresi\u00f3n se complementen y que su discurso se complete y dando como resultado unas obras cargadas de fuerza y de s\u00edmbolos que emanan claros mensajes al ciudadano que observa.<\/span><\/p>\n<p style=\"text-align: justify\"><span style=\"color: #808080\">En esta exposici\u00f3n virtual que recomendamos encarecidamente, las obras son fotomontajes trabajados con una metodolog\u00eda pactada previamente por los artistas: el trabajo se hizo por separado sobre una base fotogr\u00e1fica com\u00fan, las intervenciones fueron individuales y alternas entre los artistas, en ellas pod\u00edan tanto incluir elementos nuevos como descartar alguno ya existente. Este proceso art\u00edstico dio como resultado una narrativa en constante evoluci\u00f3n que cosi\u00f3 y descosi\u00f3 el camino hasta llegar a un punto en el que se determin\u00f3 cesar la intervenci\u00f3n.<\/span><\/p>\n<p style=\"text-align: justify\"><span style=\"color: #808080\">La muestra consta de una treintena de obras que no est\u00e1n consideradas conclusas sino abiertas a aportaciones o cambios futuros, obras en las que se trabajan temas actuales desde muy diferentes t\u00e9cnicas narrativas como ellos mismos explican: el <em>apropiacionismo<\/em>, el <em>hacking<\/em> o el <em>cad\u00e1ver exquisito,\u00a0<\/em>entre otras t\u00e9cnicas surrealistas, son trabajadas desde una perspectiva social y cr\u00edtica que nos permite reflexionar acerca del presente y del futuro m\u00e1s inmediato.<\/span><\/p>\n<p style=\"text-align: justify\"><span style=\"color: #808080\">Una exposici\u00f3n que resulta m\u00e1s que necesaria en estos tiempos en los que se nos obliga a vivir las virtualidades, un mundo en el que Carmen y Alfonso han caminado c\u00f3modamente provoc\u00e1ndonos con sus trabajos una reacci\u00f3n autom\u00e1tica y ofreci\u00e9ndonos una lectura de la realidad a trav\u00e9s de sus im\u00e1genes.<\/span><\/p>\n<p style=\"text-align: justify\"><span style=\"color: #808080\">Les dejo la \u00a0galer\u00eda virtual \u00a0<a style=\"color: #808080\" href=\"https:\/\/peopleartfactory.com\/g\/SaaUAtbsaEXO83IrAW1w?fbclid=IwAR16ObH5MuDsal3SzaTzIt6EH7yUXHqQvtHZLJLNt4HShXLesIba79N9o4k\">aqu\u00ed,<\/a>\u00a0espero que la disfruten.<\/span><\/p>\n<p style=\"text-align: right\"><span style=\"color: #808080\">Esther Mart\u00ednez<\/span><\/p>\n<p style=\"text-align: justify\">\n","protected":false},"excerpt":{"rendered":"<p>Croniqueando nace de la necesidad de Carmen Molina y Alfonso Infantes de acometer un an\u00e1lisis de la situaci\u00f3n actual, abarcando diversos temas de importancia y haci\u00e9ndolo desde una mirada cr\u00edtica&hellip;<\/p>\n","protected":false},"author":2,"featured_media":1338,"comment_status":"open","ping_status":"open","sticky":false,"template":"","format":"standard","meta":[],"categories":[272],"tags":[283,286,218,284,285],"jetpack_featured_media_url":"https:\/\/muvacandalucia.es\/wp-content\/uploads\/2021\/04\/5E4468B9-31AA-4537-9A50-91C7656DB138.jpeg","_links":{"self":[{"href":"https:\/\/muvacandalucia.es\/index.php\/wp-json\/wp\/v2\/posts\/1332"}],"collection":[{"href":"https:\/\/muvacandalucia.es\/index.php\/wp-json\/wp\/v2\/posts"}],"about":[{"href":"https:\/\/muvacandalucia.es\/index.php\/wp-json\/wp\/v2\/types\/post"}],"author":[{"embeddable":true,"href":"https:\/\/muvacandalucia.es\/index.php\/wp-json\/wp\/v2\/users\/2"}],"replies":[{"embeddable":true,"href":"https:\/\/muvacandalucia.es\/index.php\/wp-json\/wp\/v2\/comments?post=1332"}],"version-history":[{"count":22,"href":"https:\/\/muvacandalucia.es\/index.php\/wp-json\/wp\/v2\/posts\/1332\/revisions"}],"predecessor-version":[{"id":1675,"href":"https:\/\/muvacandalucia.es\/index.php\/wp-json\/wp\/v2\/posts\/1332\/revisions\/1675"}],"wp:featuredmedia":[{"embeddable":true,"href":"https:\/\/muvacandalucia.es\/index.php\/wp-json\/wp\/v2\/media\/1338"}],"wp:attachment":[{"href":"https:\/\/muvacandalucia.es\/index.php\/wp-json\/wp\/v2\/media?parent=1332"}],"wp:term":[{"taxonomy":"category","embeddable":true,"href":"https:\/\/muvacandalucia.es\/index.php\/wp-json\/wp\/v2\/categories?post=1332"},{"taxonomy":"post_tag","embeddable":true,"href":"https:\/\/muvacandalucia.es\/index.php\/wp-json\/wp\/v2\/tags?post=1332"}],"curies":[{"name":"wp","href":"https:\/\/api.w.org\/{rel}","templated":true}]}}