{"id":1313,"date":"2021-04-04T09:04:48","date_gmt":"2021-04-04T09:04:48","guid":{"rendered":"https:\/\/muvaclinares.es\/?p=1313"},"modified":"2021-04-02T05:05:49","modified_gmt":"2021-04-02T05:05:49","slug":"valle-galera-expone-en-el-centro-andaluz-de-arte-contemporaneo-una-de-sus-instalaciones-mas-impactantes-inspirada-en-la-obra-de-lorca","status":"publish","type":"post","link":"https:\/\/muvacandalucia.es\/index.php\/2021\/04\/04\/valle-galera-expone-en-el-centro-andaluz-de-arte-contemporaneo-una-de-sus-instalaciones-mas-impactantes-inspirada-en-la-obra-de-lorca\/","title":{"rendered":"Valle Galera expone en el Centro Andaluz de Arte Contempor\u00e1neo una de sus instalaciones m\u00e1s impactantes inspirada en la obra de Lorca"},"content":{"rendered":"<figure id=\"attachment_1316\" aria-describedby=\"caption-attachment-1316\" style=\"width: 300px\" class=\"wp-caption aligncenter\"><img decoding=\"async\" loading=\"lazy\" class=\"size-medium wp-image-1316\" src=\"https:\/\/muvacandalucia.es\/wp-content\/uploads\/2021\/04\/valle-galera-1-300x278.png\" alt=\"La artista jienense junto a su obra\" width=\"300\" height=\"278\" srcset=\"https:\/\/muvacandalucia.es\/wp-content\/uploads\/2021\/04\/valle-galera-1-300x278.png 300w, https:\/\/muvacandalucia.es\/wp-content\/uploads\/2021\/04\/valle-galera-1-1024x948.png 1024w, https:\/\/muvacandalucia.es\/wp-content\/uploads\/2021\/04\/valle-galera-1-768x711.png 768w, https:\/\/muvacandalucia.es\/wp-content\/uploads\/2021\/04\/valle-galera-1.png 1326w\" sizes=\"(max-width: 300px) 100vw, 300px\" \/><figcaption id=\"caption-attachment-1316\" class=\"wp-caption-text\">Valle Galera junto a su obra<\/figcaption><\/figure>\n<p align=\"JUSTIFY\">La artista andaluza Valle Galera participa en la exposici\u00f3n titulada \u201cEntre las formas que van hacia la sierpe y las formas que buscan el cristal\u201d con una de sus instalaciones m\u00e1s impactantes hasta la fecha. Su obra, inspirada en uno de los conceptos que encierra <span style=\"color: #000000;\"><span style=\"font-family: Cambria, serif;\"><i>Poeta en Nueva York<\/i><\/span><\/span><span style=\"color: #000000;\"><span style=\"font-family: Cambria, serif;\"> de Federico Garc\u00eda Lorca, se exhibe en el Centro Andaluz de Arte Contempor\u00e1neo, en la Isla de la Cartuja de Sevilla hasta entrado mayo de 2021 junto a la obra de otro pu\u00f1ado de artistas andaluces.<\/span><\/span><\/p>\n<p align=\"JUSTIFY\">Los linchamientos a personas, mayoritariamente negras, era una triste realidad en el sur de Estados Unidos desde 1890. Los peri\u00f3dicos de la \u00e9poca convocaban a los espectadores y se hac\u00edan postales con las fotos de la masacre, miles de copias que segu\u00edan estando en circulaci\u00f3n a\u00f1os posteriores al linchamiento. De hecho, el env\u00edo de postales era gratuito en el pa\u00eds y sin sobres difundiendo el terror y la xenofobia por todo el pa\u00eds. Quiz\u00e1, como recuerda Valle Galera, fuese una de esas postales la que Federico Garc\u00eda Lorca nombr\u00f3 como \u201cnegro quemado\u201d y que hizo entregar precipitadamente a su editor Jos\u00e9 Bergam\u00edn en 1936, dos d\u00edas antes de ser fusilado, para que acompa\u00f1ara al poema <span style=\"color: #000000;\"><span style=\"font-family: Cambria, serif;\"><i>Norma y para\u00edso de los negros <\/i><\/span><\/span><span style=\"color: #000000;\"><span style=\"font-family: Cambria, serif;\">de su libro <\/span><\/span><span style=\"color: #000000;\"><span style=\"font-family: Cambria, serif;\"><i>Poeta en Nueva York.<\/i><\/span><\/span><span style=\"color: #000000;\"><span style=\"font-family: Cambria, serif;\"> Sin embargo, nunca se lleg\u00f3 a publicar. Valle Galera recuerda que Bergam\u00edn lo disuadi\u00f3 de hacerlo por razones est\u00e9ticas y la editorial Norton descart\u00f3 cualquier reproducci\u00f3n por razones econ\u00f3micas. Hasta esa fecha, solo el peri\u00f3dico <\/span><\/span><span style=\"color: #000000;\"><span style=\"font-family: Cambria, serif;\"><i>The Crisis<\/i><\/span><\/span><span style=\"color: #000000;\"><span style=\"font-family: Cambria, serif;\">, creado por y para el p\u00fablico negro, se reapropio de aquellas im\u00e1genes para convertirlas en denuncia. Galera dice: \u201cMuchos de los escritores del peri\u00f3dico pertenec\u00edan al movimiento literario <\/span><\/span><span style=\"color: #000000;\"><span style=\"font-family: Cambria, serif;\"><i>El Renacer de Harlem<\/i><\/span><\/span><span style=\"color: #000000;\"><span style=\"font-family: Cambria, serif;\"> con los que Lorca mantuvo relaci\u00f3n en su estancia en Nueva York\u201d. Y a\u00f1ade: \u201cPoco despu\u00e9s, en 1937 se public\u00f3 por primera vez en la prensa generalista. La revista <\/span><\/span><span style=\"color: #000000;\"><span style=\"font-family: Cambria, serif;\"><i>Life<\/i><\/span><\/span><span style=\"color: #000000;\"><span style=\"font-family: Cambria, serif;\">, con seis millones de lectores de clase media blanca, reprodujo aquella locara. El efecto fue inmediato, dos d\u00edas despu\u00e9s favoreci\u00f3 a la aprobaci\u00f3n de un proyecto de ley para derogar los linchamientos\u201d.<\/span><\/span><\/p>\n<figure id=\"attachment_1314\" aria-describedby=\"caption-attachment-1314\" style=\"width: 168px\" class=\"wp-caption alignleft\"><img decoding=\"async\" loading=\"lazy\" class=\"size-medium wp-image-1314\" src=\"https:\/\/muvacandalucia.es\/wp-content\/uploads\/2021\/04\/Captura-de-pantalla-2021-03-30-a-las-22.08.26-168x300.png\" alt=\"Detalle del montaje de la Exposici\u00f3n 2\" width=\"168\" height=\"300\" srcset=\"https:\/\/muvacandalucia.es\/wp-content\/uploads\/2021\/04\/Captura-de-pantalla-2021-03-30-a-las-22.08.26-168x300.png 168w, https:\/\/muvacandalucia.es\/wp-content\/uploads\/2021\/04\/Captura-de-pantalla-2021-03-30-a-las-22.08.26-572x1024.png 572w, https:\/\/muvacandalucia.es\/wp-content\/uploads\/2021\/04\/Captura-de-pantalla-2021-03-30-a-las-22.08.26.png 734w\" sizes=\"(max-width: 168px) 100vw, 168px\" \/><figcaption id=\"caption-attachment-1314\" class=\"wp-caption-text\">Detalle del montaje de la Exposici\u00f3n 2<\/figcaption><\/figure>\n<p align=\"JUSTIFY\">Junto a Valle Galera participan en la muestra otros artistas como \u00c1lvaro Albadalejo, Ana Barriga, Irene Infantes, Manuel M. Romero, Mercedes Pimiento o Florencia Rojas. La exposici\u00f3n, que se exhibe en varios espacios del centro como la capilla de San Bruno, el atrio, el claustro o la capilla de afuera, est\u00e1 comisariada por Roxana Gazdzinski y Joaqu\u00edn Jes\u00fas S\u00e1nchez.<\/p>\n<p align=\"JUSTIFY\">En palabras de los comisarios la muestra <span style=\"color: #000000;\"><span style=\"font-family: Cambria, serif;\">exposici\u00f3n plantea un di\u00e1logo con el espacio y el territorio que, al igual que la sierpe y el cristal, establece afinidades y diferencias. \u201cAlgunas propuestas, todas producidas espec\u00edficamente para la exposici\u00f3n, interpelan directamente a referentes cercanos y reconocibles, mientras otras se alejan proponiendo realidades incluso inexistentes\u201d, aseguran ambos.<\/span><\/span><\/p>\n<p align=\"JUSTIFY\">Junto a esta exposici\u00f3n, el Centro Andaluz de Arte Contempor\u00e1neo invita a sus visitantes a la exposici\u00f3n de la pintora Carmen Laff\u00f3n o la del cineasta John Akomfrah. La muestra de Laff\u00f3n lleva por t\u00edtulo \u2018La sal\u2019 y expone pinturas de gran formato de las salinas de Bonanza. La segunda recoge fotograf\u00edas, filmes e instalaciones audiovisuales que exploran aspectos asociados a la migraci\u00f3n, la di\u00e1spora y la construcci\u00f3n de la identidad poscolonial.<\/p>\n<p>Publicado por primera vez en <a href=\"https:\/\/www.elmundo.es\/andalucia\/2021\/01\/11\/5ffc8ee421efa0a41b8b4664.html\">El Mundo Andaluc\u00eda<\/a> el 11 de enero de 2021<\/p>\n<p>&nbsp;<\/p>\n","protected":false},"excerpt":{"rendered":"<p>La artista andaluza Valle Galera participa en la exposici\u00f3n titulada \u201cEntre las formas que van hacia la sierpe y las formas que buscan el cristal\u201d con una de sus instalaciones&hellip;<\/p>\n","protected":false},"author":5,"featured_media":1315,"comment_status":"open","ping_status":"open","sticky":false,"template":"","format":"standard","meta":[],"categories":[272],"tags":[281,282,162,280],"jetpack_featured_media_url":"https:\/\/muvacandalucia.es\/wp-content\/uploads\/2021\/04\/Captura-de-pantalla-2021-03-30-a-las-22.08.38.png","_links":{"self":[{"href":"https:\/\/muvacandalucia.es\/index.php\/wp-json\/wp\/v2\/posts\/1313"}],"collection":[{"href":"https:\/\/muvacandalucia.es\/index.php\/wp-json\/wp\/v2\/posts"}],"about":[{"href":"https:\/\/muvacandalucia.es\/index.php\/wp-json\/wp\/v2\/types\/post"}],"author":[{"embeddable":true,"href":"https:\/\/muvacandalucia.es\/index.php\/wp-json\/wp\/v2\/users\/5"}],"replies":[{"embeddable":true,"href":"https:\/\/muvacandalucia.es\/index.php\/wp-json\/wp\/v2\/comments?post=1313"}],"version-history":[{"count":6,"href":"https:\/\/muvacandalucia.es\/index.php\/wp-json\/wp\/v2\/posts\/1313\/revisions"}],"predecessor-version":[{"id":1364,"href":"https:\/\/muvacandalucia.es\/index.php\/wp-json\/wp\/v2\/posts\/1313\/revisions\/1364"}],"wp:featuredmedia":[{"embeddable":true,"href":"https:\/\/muvacandalucia.es\/index.php\/wp-json\/wp\/v2\/media\/1315"}],"wp:attachment":[{"href":"https:\/\/muvacandalucia.es\/index.php\/wp-json\/wp\/v2\/media?parent=1313"}],"wp:term":[{"taxonomy":"category","embeddable":true,"href":"https:\/\/muvacandalucia.es\/index.php\/wp-json\/wp\/v2\/categories?post=1313"},{"taxonomy":"post_tag","embeddable":true,"href":"https:\/\/muvacandalucia.es\/index.php\/wp-json\/wp\/v2\/tags?post=1313"}],"curies":[{"name":"wp","href":"https:\/\/api.w.org\/{rel}","templated":true}]}}